{"id":75787,"date":"2025-12-22T12:34:51","date_gmt":"2025-12-22T09:34:51","guid":{"rendered":"https:\/\/www.egemtv.com\/?p=75787"},"modified":"2025-12-22T12:34:52","modified_gmt":"2025-12-22T09:34:52","slug":"datcada-sahilde-gorulen-balik-olumlerinde-tehlikeli-bir-bulguya-rastlanmadi","status":"publish","type":"post","link":"https:\/\/www.egemtv.com\/?p=75787","title":{"rendered":"Dat\u00e7a\u2019da sahilde g\u00f6r\u00fclen bal\u0131k \u00f6l\u00fcmlerinde tehlikeli bir bulguya rastlanmad\u0131"},"content":{"rendered":"<p>Mu\u011fla\u2019n\u0131n Dat\u00e7a il\u00e7esinde d\u00fcn sabah saatlerinde sahile vuran \u00e7ok say\u0131da \u00f6l\u00fc bal\u0131k, vatanda\u015flar aras\u0131nda tedirginli\u011fe neden olurken, Dat\u00e7a \u0130l\u00e7e Tar\u0131m ve Orman M\u00fcd\u00fcrl\u00fc\u011f\u00fc ekiplerinin b\u00f6lgede yapt\u0131\u011f\u0131 incelemeler sonucunda halk sa\u011fl\u0131\u011f\u0131n\u0131 tehdit eden herhangi bir olumsuzlu\u011fa rastlanmad\u0131.<\/p>\n<p>Burgaz mevkiinde sahil \u015feridi boyunca \u00f6zellikle belirli bir kesimde yo\u011funla\u015ft\u0131\u011f\u0131 g\u00f6zlenen bal\u0131k \u00f6l\u00fcmlerinde, mercan bal\u0131klar\u0131 ba\u015fta olmak \u00fczere farkl\u0131 t\u00fcr ve boyutlarda bal\u0131klar\u0131n k\u0131y\u0131ya vurdu\u011fu g\u00f6r\u00fcld\u00fc. Sahilde olu\u015fan manzara vatanda\u015flar\u0131 \u015fa\u015f\u0131rtt\u0131. Olay\u0131n ard\u0131ndan \u0130l\u00e7e Tar\u0131m ve Orman M\u00fcd\u00fcrl\u00fc\u011f\u00fc ekipleri h\u0131zla b\u00f6lgede inceleme ba\u015flatt\u0131. M\u00fcd\u00fcrl\u00fck b\u00fcnyesindeki su \u00fcr\u00fcnleri m\u00fchendisleri taraf\u0131ndan yap\u0131lan yerinde kontrollerde, k\u0131y\u0131ya vuran bal\u0131klar\u0131n b\u00fcy\u00fck k\u0131sm\u0131n\u0131n ayn\u0131 t\u00fcrden oldu\u011fu ve mercan bal\u0131klar\u0131n\u0131n avlanabilir boy s\u0131n\u0131r\u0131n\u0131n alt\u0131nda, yakla\u015f\u0131k 13 santimetreden k\u00fc\u00e7\u00fck oldu\u011fu tespit edildi. Yap\u0131lan de\u011ferlendirmelerde, bal\u0131k \u00f6l\u00fcmlerinin denizde faaliyet g\u00f6steren trol tekneleri taraf\u0131ndan avlanmas\u0131 yasak boydaki bal\u0131klar\u0131n tekrar denize b\u0131rak\u0131lmas\u0131 sonucu meydana gelmi\u015f olabilece\u011fi ihtimali \u00fczerinde duruldu.<\/p>\n<p>Yetkililer, mevcut sonu\u00e7lara ra\u011fmen olayla ilgili somut bir delil bulunmad\u0131\u011f\u0131n\u0131, bu nedenle kesin bir tespit ya da cezai i\u015flem uygulanmas\u0131n\u0131n s\u00f6z konusu olmad\u0131\u011f\u0131n\u0131 belirtti. Yap\u0131lan incelemelerde bal\u0131k \u00f6l\u00fcmlerinin zehirlenme, \u00e7evresel kirlilik ya da halk sa\u011fl\u0131\u011f\u0131n\u0131 tehdit eden herhangi bir durumla ba\u011flant\u0131s\u0131n\u0131n bulunmad\u0131\u011f\u0131 vurguland\u0131.<\/p>\n<p>\u0130l\u00e7e Tar\u0131m ve Orman M\u00fcd\u00fcrl\u00fc\u011f\u00fc, vatanda\u015flar\u0131n endi\u015fe etmesini gerektirecek bir durumun olmad\u0131\u011f\u0131n\u0131 belirterek, geli\u015fmelerin takip edilmeye devam edilece\u011fini bildirdi.<br \/><\/p>\n","protected":false},"excerpt":{"rendered":"<p>Mu\u011fla\u2019n\u0131n Dat\u00e7a il\u00e7esinde d\u00fcn sabah saatlerinde sahile vuran \u00e7ok say\u0131da \u00f6l\u00fc bal\u0131k, vatanda\u015flar aras\u0131nda tedirginli\u011fe neden olurken, Dat\u00e7a \u0130l\u00e7e Tar\u0131m ve Orman M\u00fcd\u00fcrl\u00fc\u011f\u00fc ekiplerinin b\u00f6lgede yapt\u0131\u011f\u0131 incelemeler sonucunda halk sa\u011fl\u0131\u011f\u0131n\u0131 tehdit eden herhangi bir olumsuzlu\u011fa rastlanmad\u0131. Burgaz mevkiinde sahil \u015feridi boyunca \u00f6zellikle belirli bir kesimde yo\u011funla\u015ft\u0131\u011f\u0131 g\u00f6zlenen bal\u0131k \u00f6l\u00fcmlerinde, mercan bal\u0131klar\u0131 ba\u015fta olmak \u00fczere farkl\u0131&#8230;<\/p>\n","protected":false},"author":1,"featured_media":75788,"comment_status":"open","ping_status":"open","sticky":false,"template":"","format":"standard","meta":{"_crdt_document":"","footnotes":""},"categories":[1],"tags":[],"class_list":["post-75787","post","type-post","status-publish","format-standard","has-post-thumbnail","hentry","category-guncel"],"_links":{"self":[{"href":"https:\/\/www.egemtv.com\/index.php?rest_route=\/wp\/v2\/posts\/75787","targetHints":{"allow":["GET"]}}],"collection":[{"href":"https:\/\/www.egemtv.com\/index.php?rest_route=\/wp\/v2\/posts"}],"about":[{"href":"https:\/\/www.egemtv.com\/index.php?rest_route=\/wp\/v2\/types\/post"}],"author":[{"embeddable":true,"href":"https:\/\/www.egemtv.com\/index.php?rest_route=\/wp\/v2\/users\/1"}],"replies":[{"embeddable":true,"href":"https:\/\/www.egemtv.com\/index.php?rest_route=%2Fwp%2Fv2%2Fcomments&post=75787"}],"version-history":[{"count":1,"href":"https:\/\/www.egemtv.com\/index.php?rest_route=\/wp\/v2\/posts\/75787\/revisions"}],"predecessor-version":[{"id":75789,"href":"https:\/\/www.egemtv.com\/index.php?rest_route=\/wp\/v2\/posts\/75787\/revisions\/75789"}],"wp:featuredmedia":[{"embeddable":true,"href":"https:\/\/www.egemtv.com\/index.php?rest_route=\/wp\/v2\/media\/75788"}],"wp:attachment":[{"href":"https:\/\/www.egemtv.com\/index.php?rest_route=%2Fwp%2Fv2%2Fmedia&parent=75787"}],"wp:term":[{"taxonomy":"category","embeddable":true,"href":"https:\/\/www.egemtv.com\/index.php?rest_route=%2Fwp%2Fv2%2Fcategories&post=75787"},{"taxonomy":"post_tag","embeddable":true,"href":"https:\/\/www.egemtv.com\/index.php?rest_route=%2Fwp%2Fv2%2Ftags&post=75787"}],"curies":[{"name":"wp","href":"https:\/\/api.w.org\/{rel}","templated":true}]}}