{"id":75784,"date":"2025-12-22T12:34:50","date_gmt":"2025-12-22T09:34:50","guid":{"rendered":"https:\/\/www.egemtv.com\/?p=75784"},"modified":"2025-12-22T12:34:51","modified_gmt":"2025-12-22T09:34:51","slug":"muglada-uretim-kooperatifcilikle-gucleniyor","status":"publish","type":"post","link":"https:\/\/www.egemtv.com\/?p=75784","title":{"rendered":"Mu\u011fla\u2019da \u00fcretim kooperatif\u00e7ilikle g\u00fc\u00e7leniyor"},"content":{"rendered":"<p>D\u00fcnya Kooperatif\u00e7ilik G\u00fcn\u00fc dolay\u0131s\u0131yla Mu\u011fla \u0130l Tar\u0131m ve Orman M\u00fcd\u00fcr\u00fc Seyfettin Baydar, kentin lokomotif kooperatiflerini ziyaret ederek \u00fcreticilerle bir araya geldi. Ziyaretlerde &#8220;birlikten kuvvet do\u011far&#8221; mesaj\u0131 verildi.<br \/>\n<br \/>Tar\u0131msal kalk\u0131nman\u0131n ve yerel \u00fcretimin temel ta\u015f\u0131 olan kooperatif\u00e7ili\u011fi desteklemek amac\u0131yla sahaya inen Mu\u011fla \u0130l Tar\u0131m ve Orman M\u00fcd\u00fcr\u00fc Seyfettin Baydar, 21 Aral\u0131k D\u00fcnya Kooperatif\u00e7ilik G\u00fcn\u00fc\u2019n\u00fc \u00fcreticilerle kutlad\u0131. Program kapsam\u0131nda S.S. K\u0131z\u0131lyaka Tar\u0131msal Kalk\u0131nma Kooperatifi ve S.S. Yerkesik Tar\u0131msal Kalk\u0131nma Kooperatifi ziyaret edilerek, b\u00f6lge tar\u0131m\u0131 i\u00e7in stratejik \u00f6neme sahip \u00e7al\u0131\u015fmalar yerinde incelendi.<br \/>\n<br \/>Ziyaretlerin ilk dura\u011f\u0131nda S.S. K\u0131z\u0131lyaka Tar\u0131msal Kalk\u0131nma Kooperatifi y\u00f6netimi ve \u00fcyeleriyle bulu\u015fan Baydar, kooperatifin b\u00f6lgedeki hayvanc\u0131l\u0131k faaliyetlerine sundu\u011fu katk\u0131lar\u0131 takdirle kar\u015f\u0131lad\u0131. \u00d6zellikle s\u00fct \u00fcretimi ve pazarlanmas\u0131 noktas\u0131nda sa\u011flanan ba\u015far\u0131dan dolay\u0131 kooperatifi tebrik eden Baydar, \u00fcreticilerin taleplerini dinleyerek kar\u015f\u0131l\u0131kl\u0131 g\u00f6r\u00fc\u015f al\u0131\u015fveri\u015finde bulundu.<br \/>\n<br \/>G\u00fcn\u00fcn bir di\u011fer \u00f6nemli ziyareti ise S.S. Yerkesik Tar\u0131msal Kalk\u0131nma Kooperatifi\u2019ne ger\u00e7ekle\u015ftirildi. Bu kooperatifin kad\u0131n g\u00fcc\u00fcn\u00fc destekleyen ve kad\u0131n \u00fcreticileri ekonomiye dahil eden projeleri, ziyaretin odak noktas\u0131 oldu. \u0130l M\u00fcd\u00fcr\u00fc Baydar, kad\u0131n eme\u011finin kooperatif \u00e7at\u0131s\u0131 alt\u0131nda birle\u015fmesinin b\u00f6lge ekonomisi i\u00e7in \u00f6rnek te\u015fkil etti\u011fini ifade etti.<br \/>\n<br \/>Ziyaretler sonras\u0131 a\u00e7\u0131klamalarda bulunan \u0130l M\u00fcd\u00fcr\u00fc Seyfettin Baydar, kooperatif\u00e7ili\u011fin sadece bir i\u015f modeli de\u011fil, ayn\u0131 zamanda bir dayan\u0131\u015fma k\u00fclt\u00fcr\u00fc oldu\u011funu belirtti: &#8220;\u00dcretici dayan\u0131\u015fmas\u0131n\u0131 ve ortak eme\u011fi esas alan kooperatif\u00e7ilik anlay\u0131\u015f\u0131n\u0131 g\u00fc\u00e7lendirmeye y\u00f6nelik \u00e7al\u0131\u015fmalar\u0131m\u0131z sahada kararl\u0131l\u0131kla devam ediyor. \u00dcreticimizin eme\u011finin de\u011fer bulmas\u0131 i\u00e7in her zaman yanlar\u0131nday\u0131z&#8221; ifadesi kullan\u0131ld\u0131.<br \/><\/p>\n","protected":false},"excerpt":{"rendered":"<p>D\u00fcnya Kooperatif\u00e7ilik G\u00fcn\u00fc dolay\u0131s\u0131yla Mu\u011fla \u0130l Tar\u0131m ve Orman M\u00fcd\u00fcr\u00fc Seyfettin Baydar, kentin lokomotif kooperatiflerini ziyaret ederek \u00fcreticilerle bir araya geldi. Ziyaretlerde &#8220;birlikten kuvvet do\u011far&#8221; mesaj\u0131 verildi. Tar\u0131msal kalk\u0131nman\u0131n ve yerel \u00fcretimin temel ta\u015f\u0131 olan kooperatif\u00e7ili\u011fi desteklemek amac\u0131yla sahaya inen Mu\u011fla \u0130l Tar\u0131m ve Orman M\u00fcd\u00fcr\u00fc Seyfettin Baydar, 21 Aral\u0131k D\u00fcnya Kooperatif\u00e7ilik G\u00fcn\u00fc\u2019n\u00fc \u00fcreticilerle kutlad\u0131&#8230;.<\/p>\n","protected":false},"author":1,"featured_media":75785,"comment_status":"open","ping_status":"open","sticky":false,"template":"","format":"standard","meta":{"_crdt_document":"","footnotes":""},"categories":[1],"tags":[],"class_list":["post-75784","post","type-post","status-publish","format-standard","has-post-thumbnail","hentry","category-guncel"],"_links":{"self":[{"href":"https:\/\/www.egemtv.com\/index.php?rest_route=\/wp\/v2\/posts\/75784","targetHints":{"allow":["GET"]}}],"collection":[{"href":"https:\/\/www.egemtv.com\/index.php?rest_route=\/wp\/v2\/posts"}],"about":[{"href":"https:\/\/www.egemtv.com\/index.php?rest_route=\/wp\/v2\/types\/post"}],"author":[{"embeddable":true,"href":"https:\/\/www.egemtv.com\/index.php?rest_route=\/wp\/v2\/users\/1"}],"replies":[{"embeddable":true,"href":"https:\/\/www.egemtv.com\/index.php?rest_route=%2Fwp%2Fv2%2Fcomments&post=75784"}],"version-history":[{"count":1,"href":"https:\/\/www.egemtv.com\/index.php?rest_route=\/wp\/v2\/posts\/75784\/revisions"}],"predecessor-version":[{"id":75786,"href":"https:\/\/www.egemtv.com\/index.php?rest_route=\/wp\/v2\/posts\/75784\/revisions\/75786"}],"wp:featuredmedia":[{"embeddable":true,"href":"https:\/\/www.egemtv.com\/index.php?rest_route=\/wp\/v2\/media\/75785"}],"wp:attachment":[{"href":"https:\/\/www.egemtv.com\/index.php?rest_route=%2Fwp%2Fv2%2Fmedia&parent=75784"}],"wp:term":[{"taxonomy":"category","embeddable":true,"href":"https:\/\/www.egemtv.com\/index.php?rest_route=%2Fwp%2Fv2%2Fcategories&post=75784"},{"taxonomy":"post_tag","embeddable":true,"href":"https:\/\/www.egemtv.com\/index.php?rest_route=%2Fwp%2Fv2%2Ftags&post=75784"}],"curies":[{"name":"wp","href":"https:\/\/api.w.org\/{rel}","templated":true}]}}