{"id":75775,"date":"2025-12-22T12:14:52","date_gmt":"2025-12-22T09:14:52","guid":{"rendered":"https:\/\/www.egemtv.com\/?p=75775"},"modified":"2025-12-22T12:14:53","modified_gmt":"2025-12-22T09:14:53","slug":"emirdagda-ogrencilerden-cami-ziyareti","status":"publish","type":"post","link":"https:\/\/www.egemtv.com\/?p=75775","title":{"rendered":"Emirda\u011f\u2019da \u00f6\u011frencilerden cami ziyareti"},"content":{"rendered":"<p>Emirda\u011f\u2019da Perihan Kemal \u00c7una \u0130lkokulu 4. s\u0131n\u0131f \u00f6\u011frencileri Milli E\u011fitim Bakanl\u0131\u011f\u0131\u2019n\u0131n \u2018Vakti Ku\u015fanmak\u2019 etkinlikleri \u00e7er\u00e7evesinde dini, manevi, ahlaki ve k\u00fclt\u00fcrel geli\u015fimlerine katk\u0131 sa\u011flamak amac\u0131yla Emirda\u011f \u015eube Camii\u2019ni ziyaret ettiler.<br \/>\n<br \/>Ger\u00e7ekle\u015ftirilen ziyaret s\u0131ras\u0131nda cami g\u00f6revlisi taraf\u0131ndan \u00f6\u011frencilere camilerin dini ve manevi hayattaki yeri, \u00f6nemi hakk\u0131nda bilgilendirme yap\u0131ld\u0131. Ayn\u0131 bilgilendirmede camilerin toplumsal ya\u015fam i\u00e7indeki rol\u00fc de anlat\u0131ld\u0131 \u00d6\u011frenciler, camilerin toplumsal ya\u015famdaki rol\u00fcn\u00fc yerinde g\u00f6rme ve \u00f6\u011frenme f\u0131rsat\u0131 buldu. Okul y\u00f6netimi misafirperverliklerinden dolay\u0131 cami g\u00f6revlisine te\u015fekk\u00fcr etti.<br \/><\/p>\n","protected":false},"excerpt":{"rendered":"<p>Emirda\u011f\u2019da Perihan Kemal \u00c7una \u0130lkokulu 4. s\u0131n\u0131f \u00f6\u011frencileri Milli E\u011fitim Bakanl\u0131\u011f\u0131\u2019n\u0131n \u2018Vakti Ku\u015fanmak\u2019 etkinlikleri \u00e7er\u00e7evesinde dini, manevi, ahlaki ve k\u00fclt\u00fcrel geli\u015fimlerine katk\u0131 sa\u011flamak amac\u0131yla Emirda\u011f \u015eube Camii\u2019ni ziyaret ettiler. Ger\u00e7ekle\u015ftirilen ziyaret s\u0131ras\u0131nda cami g\u00f6revlisi taraf\u0131ndan \u00f6\u011frencilere camilerin dini ve manevi hayattaki yeri, \u00f6nemi hakk\u0131nda bilgilendirme yap\u0131ld\u0131. Ayn\u0131 bilgilendirmede camilerin toplumsal ya\u015fam i\u00e7indeki rol\u00fc de anlat\u0131ld\u0131&#8230;<\/p>\n","protected":false},"author":1,"featured_media":75776,"comment_status":"open","ping_status":"open","sticky":false,"template":"","format":"standard","meta":{"_crdt_document":"","footnotes":""},"categories":[1],"tags":[],"class_list":["post-75775","post","type-post","status-publish","format-standard","has-post-thumbnail","hentry","category-guncel"],"_links":{"self":[{"href":"https:\/\/www.egemtv.com\/index.php?rest_route=\/wp\/v2\/posts\/75775","targetHints":{"allow":["GET"]}}],"collection":[{"href":"https:\/\/www.egemtv.com\/index.php?rest_route=\/wp\/v2\/posts"}],"about":[{"href":"https:\/\/www.egemtv.com\/index.php?rest_route=\/wp\/v2\/types\/post"}],"author":[{"embeddable":true,"href":"https:\/\/www.egemtv.com\/index.php?rest_route=\/wp\/v2\/users\/1"}],"replies":[{"embeddable":true,"href":"https:\/\/www.egemtv.com\/index.php?rest_route=%2Fwp%2Fv2%2Fcomments&post=75775"}],"version-history":[{"count":1,"href":"https:\/\/www.egemtv.com\/index.php?rest_route=\/wp\/v2\/posts\/75775\/revisions"}],"predecessor-version":[{"id":75777,"href":"https:\/\/www.egemtv.com\/index.php?rest_route=\/wp\/v2\/posts\/75775\/revisions\/75777"}],"wp:featuredmedia":[{"embeddable":true,"href":"https:\/\/www.egemtv.com\/index.php?rest_route=\/wp\/v2\/media\/75776"}],"wp:attachment":[{"href":"https:\/\/www.egemtv.com\/index.php?rest_route=%2Fwp%2Fv2%2Fmedia&parent=75775"}],"wp:term":[{"taxonomy":"category","embeddable":true,"href":"https:\/\/www.egemtv.com\/index.php?rest_route=%2Fwp%2Fv2%2Fcategories&post=75775"},{"taxonomy":"post_tag","embeddable":true,"href":"https:\/\/www.egemtv.com\/index.php?rest_route=%2Fwp%2Fv2%2Ftags&post=75775"}],"curies":[{"name":"wp","href":"https:\/\/api.w.org\/{rel}","templated":true}]}}