{"id":75772,"date":"2025-12-22T12:14:51","date_gmt":"2025-12-22T09:14:51","guid":{"rendered":"https:\/\/www.egemtv.com\/?p=75772"},"modified":"2025-12-22T12:14:52","modified_gmt":"2025-12-22T09:14:52","slug":"izmir-aciklarinda-25-duzensiz-gocmen-yakalandi-33-gocmen-kurtarildi","status":"publish","type":"post","link":"https:\/\/www.egemtv.com\/?p=75772","title":{"rendered":"\u0130zmir a\u00e7\u0131klar\u0131nda 25 d\u00fczensiz g\u00f6\u00e7men yakaland\u0131, 33 g\u00f6\u00e7men kurtar\u0131ld\u0131"},"content":{"rendered":"<p>\u0130zmir\u2019in Fo\u00e7a il\u00e7esi a\u00e7\u0131klar\u0131nda sahil g\u00fcvenlik ekiplerince d\u00fczenlenen operasyonda 25 d\u00fczensiz g\u00f6\u00e7men yakalan\u0131rken, Karaburun il\u00e7esi a\u00e7\u0131klar\u0131nda motor ar\u0131zas\u0131 nedeniyle denizde s\u00fcr\u00fcklenen 33 g\u00f6\u00e7men \u00f6l\u00fcmden kurtar\u0131ld\u0131.<br \/>\n<br \/>Sahil G\u00fcvenlik Komutanl\u0131\u011f\u0131 unsurlar\u0131, 20 Aral\u0131k saat 03.40 s\u0131ralar\u0131nda Fo\u00e7a il\u00e7esi a\u00e7\u0131klar\u0131nda lastik bot i\u00e7erisinde bir grup d\u00fczensiz g\u00f6\u00e7men oldu\u011fu bilgisini ald\u0131 ve ekipler h\u0131zla b\u00f6lgeye sevk edildi. Sahil G\u00fcvenlik Botlar\u0131 (TCSG-905, KB-107) taraf\u0131ndan durdurulan hareketli fiber karinal\u0131 lastik bot i\u00e7erisindeki 25 d\u00fczensiz g\u00f6\u00e7men k\u0131sk\u0131vrak yakaland\u0131.<br \/>\n<br \/>Bu operasyondan k\u0131sa bir s\u00fcre sonra, saat 05.10\u2019da Karaburun il\u00e7esi a\u00e7\u0131klar\u0131ndan imdat \u00e7a\u011fr\u0131s\u0131 geldi. \u0130\u00e7erisinde d\u00fczensiz g\u00f6\u00e7menlerin bulundu\u011fu lastik botun motor ar\u0131zas\u0131 yapt\u0131\u011f\u0131 ve denizde s\u00fcr\u00fcklenmeye ba\u015flad\u0131\u011f\u0131 bilgisi \u00fczerine Sahil G\u00fcvenlik Botlar\u0131 (TCSG-905, KB-41) b\u00f6lgeye y\u00f6nlendirildi. Yard\u0131m talebinde bulunan ve a\u00e7\u0131k denizde s\u00fcr\u00fcklenen fiber karinal\u0131 lastik bot i\u00e7erisindeki 33 d\u00fczensiz g\u00f6\u00e7men, ekipler taraf\u0131ndan sa\u011f salim kurtar\u0131larak bota al\u0131nd\u0131.<br \/>\n<br \/>Ekipler taraf\u0131ndan k\u0131y\u0131ya \u00e7\u0131kar\u0131lan toplam 58 d\u00fczensiz g\u00f6\u00e7men, i\u015flemlerinin tamamlanmas\u0131 ve sa\u011fl\u0131k kontrollerinin ard\u0131ndan \u0130zmir \u0130l G\u00f6\u00e7 \u0130daresi Geri G\u00f6nderme Merkezi\u2019ne teslim edildi.<br \/><\/p>\n","protected":false},"excerpt":{"rendered":"<p>\u0130zmir\u2019in Fo\u00e7a il\u00e7esi a\u00e7\u0131klar\u0131nda sahil g\u00fcvenlik ekiplerince d\u00fczenlenen operasyonda 25 d\u00fczensiz g\u00f6\u00e7men yakalan\u0131rken, Karaburun il\u00e7esi a\u00e7\u0131klar\u0131nda motor ar\u0131zas\u0131 nedeniyle denizde s\u00fcr\u00fcklenen 33 g\u00f6\u00e7men \u00f6l\u00fcmden kurtar\u0131ld\u0131. Sahil G\u00fcvenlik Komutanl\u0131\u011f\u0131 unsurlar\u0131, 20 Aral\u0131k saat 03.40 s\u0131ralar\u0131nda Fo\u00e7a il\u00e7esi a\u00e7\u0131klar\u0131nda lastik bot i\u00e7erisinde bir grup d\u00fczensiz g\u00f6\u00e7men oldu\u011fu bilgisini ald\u0131 ve ekipler h\u0131zla b\u00f6lgeye sevk edildi. Sahil G\u00fcvenlik&#8230;<\/p>\n","protected":false},"author":1,"featured_media":75773,"comment_status":"open","ping_status":"open","sticky":false,"template":"","format":"standard","meta":{"_crdt_document":"","footnotes":""},"categories":[5],"tags":[],"class_list":["post-75772","post","type-post","status-publish","format-standard","has-post-thumbnail","hentry","category-asayis"],"_links":{"self":[{"href":"https:\/\/www.egemtv.com\/index.php?rest_route=\/wp\/v2\/posts\/75772","targetHints":{"allow":["GET"]}}],"collection":[{"href":"https:\/\/www.egemtv.com\/index.php?rest_route=\/wp\/v2\/posts"}],"about":[{"href":"https:\/\/www.egemtv.com\/index.php?rest_route=\/wp\/v2\/types\/post"}],"author":[{"embeddable":true,"href":"https:\/\/www.egemtv.com\/index.php?rest_route=\/wp\/v2\/users\/1"}],"replies":[{"embeddable":true,"href":"https:\/\/www.egemtv.com\/index.php?rest_route=%2Fwp%2Fv2%2Fcomments&post=75772"}],"version-history":[{"count":1,"href":"https:\/\/www.egemtv.com\/index.php?rest_route=\/wp\/v2\/posts\/75772\/revisions"}],"predecessor-version":[{"id":75774,"href":"https:\/\/www.egemtv.com\/index.php?rest_route=\/wp\/v2\/posts\/75772\/revisions\/75774"}],"wp:featuredmedia":[{"embeddable":true,"href":"https:\/\/www.egemtv.com\/index.php?rest_route=\/wp\/v2\/media\/75773"}],"wp:attachment":[{"href":"https:\/\/www.egemtv.com\/index.php?rest_route=%2Fwp%2Fv2%2Fmedia&parent=75772"}],"wp:term":[{"taxonomy":"category","embeddable":true,"href":"https:\/\/www.egemtv.com\/index.php?rest_route=%2Fwp%2Fv2%2Fcategories&post=75772"},{"taxonomy":"post_tag","embeddable":true,"href":"https:\/\/www.egemtv.com\/index.php?rest_route=%2Fwp%2Fv2%2Ftags&post=75772"}],"curies":[{"name":"wp","href":"https:\/\/api.w.org\/{rel}","templated":true}]}}