{"id":75769,"date":"2025-12-22T12:14:50","date_gmt":"2025-12-22T09:14:50","guid":{"rendered":"https:\/\/www.egemtv.com\/?p=75769"},"modified":"2025-12-22T12:14:51","modified_gmt":"2025-12-22T09:14:51","slug":"evliya-celebinin-kimligi-ve-goreviyle-ilgili-tarihi-kesif","status":"publish","type":"post","link":"https:\/\/www.egemtv.com\/?p=75769","title":{"rendered":"Evliya \u00c7elebi\u2019nin kimli\u011fi ve g\u00f6reviyle ilgili tarihi ke\u015fif"},"content":{"rendered":"<p>K\u00fctahya Dumlup\u0131nar \u00dcniversitesi Domani\u00e7 Hayme Ana Meslek Y\u00fcksekokulu \u00d6\u011fretim G\u00f6revlisi Dr. Salih Aytemur, 2002 y\u0131l\u0131ndan bu yana s\u00fcrd\u00fcrd\u00fc\u011f\u00fc &#8220;Ge\u00e7mi\u015ften G\u00fcn\u00fcm\u00fcze Seyit\u00f6mer ve Seyit\u00f6mer Hazretleri&#8221; ba\u015fl\u0131kl\u0131 tarihi ara\u015ft\u0131rmalar\u0131 kapsam\u0131nda, d\u00fcnyaca \u00fcnl\u00fc seyyah Evliya \u00c7elebi\u2019nin Uyvar\u2019daki kimli\u011fi ve devlet g\u00f6revine ili\u015fkin daha \u00f6nce tespit edilmemi\u015f \u00f6nemli bilgilere ula\u015ft\u0131.<br \/>\n<br \/>Dr. Aytemur, Osmanl\u0131 ar\u015fiv vesikalar\u0131na dayanan bu yeni ke\u015fifleri, III. Uluslararas\u0131 Eski\u015fehir Kongresinde bildiri olarak sundu. Eski\u015fehir Anadolu \u00dcniversitesi Fen Edebiyat Fak\u00fcltesi\u2019nde d\u00fczenlenen kongrede konu\u015fan Aytemur, elde edilen belgelerin Evliya \u00c7elebi ara\u015ft\u0131rmalar\u0131na yeni bir boyut kazand\u0131raca\u011f\u0131n\u0131 ifade etti.<br \/>\n<br \/>Aytemur, Evliya \u00c7elebi\u2019nin san\u0131lan\u0131n aksine yaln\u0131zca bir gezgin olmad\u0131\u011f\u0131n\u0131, devlet taraf\u0131ndan g\u00f6revlendirilen bir b\u00fcrokrat oldu\u011funu vurgulayarak, &#8220;Ula\u015ft\u0131\u011f\u0131m tarihi vesikalar ilk kez g\u00fcn y\u00fcz\u00fcne \u00e7\u0131kan bilgilerdir. Evliya \u00c7elebi, seyahatlerini sadece gezmek ve yazmak i\u00e7in de\u011fil, \u00fcstlendi\u011fi devlet g\u00f6revleri kapsam\u0131nda ger\u00e7ekle\u015ftirmi\u015ftir. Hesap uzman\u0131 olmas\u0131n\u0131n yan\u0131 s\u0131ra sava\u015f\u00e7\u0131 ve ceng\u00e2ver bir ki\u015fili\u011fe sahiptir&#8221; dedi.<br \/>\n<br \/>Ara\u015ft\u0131rmalar sonucunda, Evliya \u00c7elebi\u2019nin as\u0131l ad\u0131n\u0131n Mehmed oldu\u011fu, seyahatnamesinde kulland\u0131\u011f\u0131 &#8220;Evliya \u00c7elebi&#8221; isminin ise m\u00fcstear oldu\u011fu belirtildi. Dr. Aytemur, Uyvar\u2019da bulundu\u011fu d\u00f6neme ait Osmanl\u0131 ar\u015fiv belgelerinde Evliya \u00c7elebi\u2019nin ad\u0131n\u0131n &#8220;Uyvar Defterdar\u0131 \u015eeyhi Mehmed&#8221; olarak ge\u00e7ti\u011fini tespit etti\u011fini a\u00e7\u0131klad\u0131. Ayr\u0131ca Uyvar sonras\u0131 \u0130stanbul\u2019a d\u00f6nd\u00fc\u011f\u00fcnde Hazine-i Birun Defterdar\u0131 olarak, yani devlet hazinesinden sorumlu \u00fcst d\u00fczey bir b\u00fcrokrat olarak g\u00f6rev yapt\u0131\u011f\u0131n\u0131n da belgelerle ortaya konuldu\u011funu s\u00f6yledi.<br \/>\n<br \/>Belgelerde Evliya \u00c7elebi ile \u015eeyhi Mehmed\u2019in d\u00f6nem ve baz\u0131 ki\u015fisel \u00f6zelliklerinin \u00f6rt\u00fc\u015ft\u00fc\u011f\u00fcn\u00fc kaydeden Aytemur, Uyvar\u2019da sava\u015f s\u0131ras\u0131nda g\u00f6sterdi\u011fi yararl\u0131l\u0131klar nedeniyle Serdar Ali Pa\u015fa taraf\u0131ndan kendisine ve maiyetindekilere K\u00fctahya\u2019da baz\u0131 zeametler verildi\u011fini de belirtti.<br \/>\n<br \/>Dr. Aytemur, bu \u00e7al\u0131\u015fman\u0131n Evliya \u00c7elebi\u2019nin kimli\u011fi ve devlet g\u00f6revine dair yeni tart\u0131\u015fmalar\u0131n \u00f6n\u00fcn\u00fc a\u00e7aca\u011f\u0131n\u0131 ve tarih ara\u015ft\u0131rmalar\u0131na yeni bir \u00e7al\u0131\u015fma alan\u0131 kazand\u0131raca\u011f\u0131n\u0131 ifade etti. Aytemur, s\u00f6z konusu ara\u015ft\u0131rmas\u0131n\u0131n ayr\u0131nt\u0131lar\u0131n\u0131n makale olarak yay\u0131mlanaca\u011f\u0131n\u0131 da s\u00f6zlerine ekledi.<br \/><\/p>\n","protected":false},"excerpt":{"rendered":"<p>K\u00fctahya Dumlup\u0131nar \u00dcniversitesi Domani\u00e7 Hayme Ana Meslek Y\u00fcksekokulu \u00d6\u011fretim G\u00f6revlisi Dr. Salih Aytemur, 2002 y\u0131l\u0131ndan bu yana s\u00fcrd\u00fcrd\u00fc\u011f\u00fc &#8220;Ge\u00e7mi\u015ften G\u00fcn\u00fcm\u00fcze Seyit\u00f6mer ve Seyit\u00f6mer Hazretleri&#8221; ba\u015fl\u0131kl\u0131 tarihi ara\u015ft\u0131rmalar\u0131 kapsam\u0131nda, d\u00fcnyaca \u00fcnl\u00fc seyyah Evliya \u00c7elebi\u2019nin Uyvar\u2019daki kimli\u011fi ve devlet g\u00f6revine ili\u015fkin daha \u00f6nce tespit edilmemi\u015f \u00f6nemli bilgilere ula\u015ft\u0131. Dr. Aytemur, Osmanl\u0131 ar\u015fiv vesikalar\u0131na dayanan bu yeni ke\u015fifleri,&#8230;<\/p>\n","protected":false},"author":1,"featured_media":75770,"comment_status":"open","ping_status":"open","sticky":false,"template":"","format":"standard","meta":{"_crdt_document":"","footnotes":""},"categories":[123],"tags":[],"class_list":["post-75769","post","type-post","status-publish","format-standard","has-post-thumbnail","hentry","category-gundem"],"_links":{"self":[{"href":"https:\/\/www.egemtv.com\/index.php?rest_route=\/wp\/v2\/posts\/75769","targetHints":{"allow":["GET"]}}],"collection":[{"href":"https:\/\/www.egemtv.com\/index.php?rest_route=\/wp\/v2\/posts"}],"about":[{"href":"https:\/\/www.egemtv.com\/index.php?rest_route=\/wp\/v2\/types\/post"}],"author":[{"embeddable":true,"href":"https:\/\/www.egemtv.com\/index.php?rest_route=\/wp\/v2\/users\/1"}],"replies":[{"embeddable":true,"href":"https:\/\/www.egemtv.com\/index.php?rest_route=%2Fwp%2Fv2%2Fcomments&post=75769"}],"version-history":[{"count":1,"href":"https:\/\/www.egemtv.com\/index.php?rest_route=\/wp\/v2\/posts\/75769\/revisions"}],"predecessor-version":[{"id":75771,"href":"https:\/\/www.egemtv.com\/index.php?rest_route=\/wp\/v2\/posts\/75769\/revisions\/75771"}],"wp:featuredmedia":[{"embeddable":true,"href":"https:\/\/www.egemtv.com\/index.php?rest_route=\/wp\/v2\/media\/75770"}],"wp:attachment":[{"href":"https:\/\/www.egemtv.com\/index.php?rest_route=%2Fwp%2Fv2%2Fmedia&parent=75769"}],"wp:term":[{"taxonomy":"category","embeddable":true,"href":"https:\/\/www.egemtv.com\/index.php?rest_route=%2Fwp%2Fv2%2Fcategories&post=75769"},{"taxonomy":"post_tag","embeddable":true,"href":"https:\/\/www.egemtv.com\/index.php?rest_route=%2Fwp%2Fv2%2Ftags&post=75769"}],"curies":[{"name":"wp","href":"https:\/\/api.w.org\/{rel}","templated":true}]}}