{"id":75763,"date":"2025-12-22T11:55:00","date_gmt":"2025-12-22T08:55:00","guid":{"rendered":"https:\/\/www.egemtv.com\/?p=75763"},"modified":"2025-12-22T11:55:00","modified_gmt":"2025-12-22T08:55:00","slug":"gediz-ak-partide-yeni-ilce-baskani-icin-temayul-yoklamasi-yapildi","status":"publish","type":"post","link":"https:\/\/www.egemtv.com\/?p=75763","title":{"rendered":"Gediz AK Parti\u2019de yeni il\u00e7e ba\u015fkan\u0131 i\u00e7in temay\u00fcl yoklamas\u0131 yap\u0131ld\u0131"},"content":{"rendered":"<p>K\u00fctahya\u2019n\u0131n Gediz il\u00e7esinde, bir s\u00fcre \u00f6nce g\u00f6revinden istifa eden AK Parti \u0130l\u00e7e Ba\u015fkan\u0131 Osman Y\u0131lmaz\u2019\u0131n yerine atanacak yeni il\u00e7e ba\u015fkan\u0131n\u0131 belirlemek amac\u0131yla AK Parti te\u015fkilat\u0131 taraf\u0131ndan temay\u00fcl yoklamas\u0131 ger\u00e7ekle\u015ftirildi.<br \/>\n<br \/>Temay\u00fcl yoklamas\u0131na AK Parti Genel Merkez \u0130l Koordinat\u00f6r\u00fc Mehmet Ali Okur\u2019un yan\u0131 s\u0131ra AK Parti K\u00fctahya Siyasi ve Hukuki \u0130\u015fler Ba\u015fkan\u0131 Fatih Oru\u00e7, Te\u015fkilat Ba\u015fkan\u0131 Kemal K\u0131rb\u0131y\u0131k, \u0130l\u00e7e Koordinat\u00f6rleri Mustafa K\u0131z\u0131kl\u0131o\u011flu ve Hakan Ekiz kat\u0131ld\u0131.<br \/>\n<br \/>Yeni il\u00e7e ba\u015fkan\u0131n\u0131n belirlenece\u011fi temay\u00fcl yoklamas\u0131na, \u0130l\u00e7e Y\u00f6netim Kurulu \u00fcyeleri ile Kad\u0131n Kollar\u0131, Gen\u00e7lik Kollar\u0131 ve \u00e7ok say\u0131da te\u015fkilat mensubu yo\u011fun ilgi g\u00f6sterdi. Temay\u00fcl yoklamas\u0131nda al\u0131nan g\u00f6r\u00fc\u015f ve de\u011ferlendirmelerin, yeni il\u00e7e ba\u015fkan\u0131n\u0131n belirlenmesi s\u00fcrecinde Genel Merkez taraf\u0131ndan dikkate al\u0131naca\u011f\u0131 ifade edildi.<br \/><\/p>\n","protected":false},"excerpt":{"rendered":"<p>K\u00fctahya\u2019n\u0131n Gediz il\u00e7esinde, bir s\u00fcre \u00f6nce g\u00f6revinden istifa eden AK Parti \u0130l\u00e7e Ba\u015fkan\u0131 Osman Y\u0131lmaz\u2019\u0131n yerine atanacak yeni il\u00e7e ba\u015fkan\u0131n\u0131 belirlemek amac\u0131yla AK Parti te\u015fkilat\u0131 taraf\u0131ndan temay\u00fcl yoklamas\u0131 ger\u00e7ekle\u015ftirildi. Temay\u00fcl yoklamas\u0131na AK Parti Genel Merkez \u0130l Koordinat\u00f6r\u00fc Mehmet Ali Okur\u2019un yan\u0131 s\u0131ra AK Parti K\u00fctahya Siyasi ve Hukuki \u0130\u015fler Ba\u015fkan\u0131 Fatih Oru\u00e7, Te\u015fkilat Ba\u015fkan\u0131 Kemal&#8230;<\/p>\n","protected":false},"author":1,"featured_media":75764,"comment_status":"open","ping_status":"open","sticky":false,"template":"","format":"standard","meta":{"_crdt_document":"","footnotes":""},"categories":[127],"tags":[],"class_list":["post-75763","post","type-post","status-publish","format-standard","has-post-thumbnail","hentry","category-siyaset"],"_links":{"self":[{"href":"https:\/\/www.egemtv.com\/index.php?rest_route=\/wp\/v2\/posts\/75763","targetHints":{"allow":["GET"]}}],"collection":[{"href":"https:\/\/www.egemtv.com\/index.php?rest_route=\/wp\/v2\/posts"}],"about":[{"href":"https:\/\/www.egemtv.com\/index.php?rest_route=\/wp\/v2\/types\/post"}],"author":[{"embeddable":true,"href":"https:\/\/www.egemtv.com\/index.php?rest_route=\/wp\/v2\/users\/1"}],"replies":[{"embeddable":true,"href":"https:\/\/www.egemtv.com\/index.php?rest_route=%2Fwp%2Fv2%2Fcomments&post=75763"}],"version-history":[{"count":1,"href":"https:\/\/www.egemtv.com\/index.php?rest_route=\/wp\/v2\/posts\/75763\/revisions"}],"predecessor-version":[{"id":75765,"href":"https:\/\/www.egemtv.com\/index.php?rest_route=\/wp\/v2\/posts\/75763\/revisions\/75765"}],"wp:featuredmedia":[{"embeddable":true,"href":"https:\/\/www.egemtv.com\/index.php?rest_route=\/wp\/v2\/media\/75764"}],"wp:attachment":[{"href":"https:\/\/www.egemtv.com\/index.php?rest_route=%2Fwp%2Fv2%2Fmedia&parent=75763"}],"wp:term":[{"taxonomy":"category","embeddable":true,"href":"https:\/\/www.egemtv.com\/index.php?rest_route=%2Fwp%2Fv2%2Fcategories&post=75763"},{"taxonomy":"post_tag","embeddable":true,"href":"https:\/\/www.egemtv.com\/index.php?rest_route=%2Fwp%2Fv2%2Ftags&post=75763"}],"curies":[{"name":"wp","href":"https:\/\/api.w.org\/{rel}","templated":true}]}}