{"id":75757,"date":"2025-12-22T11:54:58","date_gmt":"2025-12-22T08:54:58","guid":{"rendered":"https:\/\/www.egemtv.com\/?p=75757"},"modified":"2025-12-22T11:54:59","modified_gmt":"2025-12-22T08:54:59","slug":"muglada-tarimsal-guc-birligi-vurgusu","status":"publish","type":"post","link":"https:\/\/www.egemtv.com\/?p=75757","title":{"rendered":"Mu\u011fla\u2019da &#8220;Tar\u0131msal g\u00fc\u00e7 birli\u011fi&#8221; vurgusu"},"content":{"rendered":"<p>Mu\u011fla B\u00fcy\u00fck\u015fehir Belediyesi, 21 Aral\u0131k D\u00fcnya Kooperatif\u00e7ilik G\u00fcn\u00fc kapsam\u0131nda il genelindeki kooperatif temsilcileri ve \u00fcreticilerle bir araya geldi. Toplant\u0131da konu\u015fan Genel Sekreter Tayfun Y\u0131lmaz, &#8220;\u00dcreticimizin yan\u0131nday\u0131z&#8221; mesaj\u0131 verdi.<\/p>\n<p>Mu\u011fla B\u00fcy\u00fck\u015fehir Belediyesi, tar\u0131msal kalk\u0131nman\u0131n temel ta\u015f\u0131 olan kooperatif\u00e7ili\u011fi desteklemek ve \u00fcreticilerin sorunlar\u0131na \u00e7\u00f6z\u00fcm \u00fcretmek amac\u0131yla \u00f6zel bir toplant\u0131 d\u00fczenledi. T\u00fcrkan Saylan \u00c7a\u011fda\u015f Ya\u015fam Merkezi\u2019nde ger\u00e7ekle\u015ftirilen bulu\u015fmaya, Mu\u011fla\u2019n\u0131n 13 il\u00e7esinden \u00e7ok say\u0131da kooperatif ba\u015fkan\u0131 ve \u00fcretici kat\u0131ld\u0131.<\/p>\n<p>Toplant\u0131n\u0131n a\u00e7\u0131l\u0131\u015f konu\u015fmas\u0131n\u0131 yapan Mu\u011fla B\u00fcy\u00fck\u015fehir Belediyesi Genel Sekreteri Tayfun Y\u0131lmaz, yo\u011fun program\u0131 nedeniyle kat\u0131lamayan B\u00fcy\u00fck\u015fehir Belediye Ba\u015fkan\u0131 Ahmet Aras\u2019\u0131n selamlar\u0131n\u0131 ileterek s\u00f6zlerine ba\u015flad\u0131. Y\u0131lmaz, kooperatif\u00e7ili\u011fin Mu\u011fla\u2019n\u0131n yerel kalk\u0131nma modelindeki stratejik \u00f6nemine dikkat \u00e7ekti.<\/p>\n<p>&#8220;48 Kooperatifle omuz omuza \u00e7al\u0131\u015f\u0131yoruz&#8221;<br \/>\n<br \/>Mu\u011fla B\u00fcy\u00fck\u015fehir Belediyesi\u2019nin kooperatif\u00e7ilik vizyonunu payla\u015fan Y\u0131lmaz, halihaz\u0131rda y\u00fcr\u00fct\u00fclen projeler hakk\u0131nda \u015fu bilgileri verdi:<br \/>\n<br \/>&#8220;Mu\u011fla B\u00fcy\u00fck\u015fehir Belediyesi olarak, uzun s\u00fcredir \u2019Tar\u0131msal G\u00fc\u00e7 Birli\u011fi\u2019 \u00e7at\u0131s\u0131 alt\u0131nda kooperatiflerimizle omuz omuza \u00e7al\u0131\u015f\u0131yoruz. \u015eu an 48 kooperatifimizle s\u00fcrd\u00fcrd\u00fc\u011f\u00fcm\u00fcz bu birlikteli\u011fe, kamusal fayda g\u00f6zeten t\u00fcm \u00fcreticilerimizi davet ediyoruz&#8221;<\/p>\n<p>Konu\u015fmas\u0131nda ulusal tar\u0131m politikalar\u0131na ve \u00fcreticilerin ya\u015fad\u0131\u011f\u0131 ekonomik zorluklara da de\u011finen Genel Sekreter Y\u0131lmaz, 2006 y\u0131l\u0131nda y\u00fcr\u00fcrl\u00fc\u011fe giren Tar\u0131m Kanunu\u2019nu hat\u0131rlatarak \u015funlar\u0131 s\u00f6yledi: &#8220;2006 y\u0131l\u0131nda \u00e7\u0131kan Tar\u0131m Kanunu, milli gelirin y\u00fczde 1\u2019inin \u00e7ift\u00e7iye destek olarak verilmesini \u00f6ng\u00f6rmektedir. Ancak bug\u00fcn gelinen noktada, \u00fcreticimizin hak etti\u011fi 650 milyar TL\u2019lik deste\u011fin yaln\u0131zca k\u00fc\u00e7\u00fck bir k\u0131sm\u0131 verilmi\u015f, \u00e7ift\u00e7imiz ekonomik y\u00fck\u00fcn alt\u0131nda yaln\u0131z b\u0131rak\u0131lm\u0131\u015ft\u0131r. Var g\u00fcc\u00fcm\u00fczle \u00e7al\u0131\u015fmaya devam edece\u011fiz&#8221;<\/p>\n<p>Merkezi h\u00fck\u00fcmetin desteklemelerindeki eksiklikleri belediye imkanlar\u0131yla kapatmaya \u00e7al\u0131\u015ft\u0131klar\u0131n\u0131 belirten Y\u0131lmaz, &#8220;Bizler, Mu\u011fla B\u00fcy\u00fck\u015fehir Belediyesi olarak bu eksikli\u011fi kapatmak i\u00e7in var g\u00fcc\u00fcm\u00fczle \u00e7al\u0131\u015f\u0131yoruz. Mu\u011fla\u2019n\u0131n her bir k\u00f6\u015fesinde tar\u0131m\u0131 ve hayvanc\u0131l\u0131\u011f\u0131 desteklemeye, \u00fcreticimizin yan\u0131nda durmaya devam edece\u011fiz&#8221; diyerek s\u00f6zlerini noktalad\u0131.<\/p>\n<p>Toplant\u0131, kooperatif temsilcilerinin g\u00f6r\u00fc\u015f ve \u00f6nerilerinin dinlenmesinin ard\u0131ndan sona erdi.<br \/><\/p>\n","protected":false},"excerpt":{"rendered":"<p>Mu\u011fla B\u00fcy\u00fck\u015fehir Belediyesi, 21 Aral\u0131k D\u00fcnya Kooperatif\u00e7ilik G\u00fcn\u00fc kapsam\u0131nda il genelindeki kooperatif temsilcileri ve \u00fcreticilerle bir araya geldi. Toplant\u0131da konu\u015fan Genel Sekreter Tayfun Y\u0131lmaz, &#8220;\u00dcreticimizin yan\u0131nday\u0131z&#8221; mesaj\u0131 verdi. Mu\u011fla B\u00fcy\u00fck\u015fehir Belediyesi, tar\u0131msal kalk\u0131nman\u0131n temel ta\u015f\u0131 olan kooperatif\u00e7ili\u011fi desteklemek ve \u00fcreticilerin sorunlar\u0131na \u00e7\u00f6z\u00fcm \u00fcretmek amac\u0131yla \u00f6zel bir toplant\u0131 d\u00fczenledi. T\u00fcrkan Saylan \u00c7a\u011fda\u015f Ya\u015fam Merkezi\u2019nde ger\u00e7ekle\u015ftirilen bulu\u015fmaya,&#8230;<\/p>\n","protected":false},"author":1,"featured_media":75758,"comment_status":"open","ping_status":"open","sticky":false,"template":"","format":"standard","meta":{"_crdt_document":"","footnotes":""},"categories":[1],"tags":[],"class_list":["post-75757","post","type-post","status-publish","format-standard","has-post-thumbnail","hentry","category-guncel"],"_links":{"self":[{"href":"https:\/\/www.egemtv.com\/index.php?rest_route=\/wp\/v2\/posts\/75757","targetHints":{"allow":["GET"]}}],"collection":[{"href":"https:\/\/www.egemtv.com\/index.php?rest_route=\/wp\/v2\/posts"}],"about":[{"href":"https:\/\/www.egemtv.com\/index.php?rest_route=\/wp\/v2\/types\/post"}],"author":[{"embeddable":true,"href":"https:\/\/www.egemtv.com\/index.php?rest_route=\/wp\/v2\/users\/1"}],"replies":[{"embeddable":true,"href":"https:\/\/www.egemtv.com\/index.php?rest_route=%2Fwp%2Fv2%2Fcomments&post=75757"}],"version-history":[{"count":1,"href":"https:\/\/www.egemtv.com\/index.php?rest_route=\/wp\/v2\/posts\/75757\/revisions"}],"predecessor-version":[{"id":75759,"href":"https:\/\/www.egemtv.com\/index.php?rest_route=\/wp\/v2\/posts\/75757\/revisions\/75759"}],"wp:featuredmedia":[{"embeddable":true,"href":"https:\/\/www.egemtv.com\/index.php?rest_route=\/wp\/v2\/media\/75758"}],"wp:attachment":[{"href":"https:\/\/www.egemtv.com\/index.php?rest_route=%2Fwp%2Fv2%2Fmedia&parent=75757"}],"wp:term":[{"taxonomy":"category","embeddable":true,"href":"https:\/\/www.egemtv.com\/index.php?rest_route=%2Fwp%2Fv2%2Fcategories&post=75757"},{"taxonomy":"post_tag","embeddable":true,"href":"https:\/\/www.egemtv.com\/index.php?rest_route=%2Fwp%2Fv2%2Ftags&post=75757"}],"curies":[{"name":"wp","href":"https:\/\/api.w.org\/{rel}","templated":true}]}}