{"id":75754,"date":"2025-12-22T11:54:57","date_gmt":"2025-12-22T08:54:57","guid":{"rendered":"https:\/\/www.egemtv.com\/?p=75754"},"modified":"2025-12-22T11:54:58","modified_gmt":"2025-12-22T08:54:58","slug":"tavsanlida-sarikamis-sehitleri-icin-anlamli-vefa","status":"publish","type":"post","link":"https:\/\/www.egemtv.com\/?p=75754","title":{"rendered":"Tav\u015fanl\u0131\u2019da Sar\u0131kam\u0131\u015f \u015fehitleri i\u00e7in anlaml\u0131 vefa"},"content":{"rendered":"<p>K\u00fctahya\u2019n\u0131n Tav\u015fanl\u0131 il\u00e7esinde, Sar\u0131kam\u0131\u015f Harekat\u0131\u2019n\u0131n 111. y\u0131l d\u00f6n\u00fcm\u00fc m\u00fcnasebetiyle sivil toplum kurulu\u015flar\u0131 ve resmi kurumlar\u0131n i\u015f birli\u011finde geni\u015f kapsaml\u0131 bir anma program\u0131 d\u00fczenlendi.<br \/>\n<br \/>Tav\u015fanl\u0131 AFAD G\u00f6n\u00fcll\u00fcleri \u00f6nc\u00fcl\u00fc\u011f\u00fcnde ger\u00e7ekle\u015ftirilen organizasyona; Hay\u0131rl\u0131 Hizmetler Vakf\u0131, \u0130lim Yayma Cemiyeti, Rahmet Vakf\u0131 ve Tav\u015fanl\u0131 M\u00fcft\u00fcl\u00fc\u011f\u00fc destek verdi. &#8220;Beyaz h\u00fcz\u00fcn&#8221; olarak tarihe ge\u00e7en harekat\u0131n y\u0131l d\u00f6n\u00fcm\u00fcnde, \u015fehitlerin fedakarl\u0131klar\u0131n\u0131 unutturmamak ad\u0131na bir dizi etkinlik ger\u00e7ekle\u015ftirildi.<br \/>\n<br \/>Anma program\u0131 kapsam\u0131nda ilk olarak \u015fehitlerin ruhuna ithafen Ulucamii\u2019nde Hatim Duas\u0131 yap\u0131ld\u0131. Ard\u0131ndan Tav\u015fanl\u0131 M\u00fcft\u00fcl\u00fc\u011f\u00fc\u2019n\u00fcn kat\u0131l\u0131m\u0131yla d\u00fczenlenen Namaz Bulu\u015fmas\u0131\u2019nda vatanda\u015flar ve g\u00f6n\u00fcll\u00fcler omuz omuza saf tuttu. Program\u0131n k\u00fclt\u00fcrel aya\u011f\u0131nda ise Hay\u0131rl\u0131 Hizmetler Vakf\u0131 Gen\u00e7lik merkezinde, Sar\u0131kam\u0131\u015f Harekat\u0131\u2019n\u0131 anlatan bir film g\u00f6sterimi yap\u0131larak, o d\u00f6nemde ya\u015fanan kahramanl\u0131k ve zorluklar kat\u0131l\u0131mc\u0131lara duygusal anlar ya\u015fatt\u0131.<br \/>\n<br \/>Program\u0131n en dikkat \u00e7eken b\u00f6l\u00fcmlerinden biri olan Do\u011fa Y\u00fcr\u00fcy\u00fc\u015f\u00fc, Sar\u0131kam\u0131\u015f \u015fehitlerinin ya\u015fad\u0131\u011f\u0131 zorlu \u015fartlara dikkat \u00e7ekmek ve o ruhu yerinde hissetmek amac\u0131yla Kuru\u00e7ay\u2019da yap\u0131ld\u0131. Tav\u015fanl\u0131 AFAD G\u00f6n\u00fcll\u00fcleri ve payda\u015f STK \u00fcyeleri, k\u0131\u015f \u015fartlar\u0131nda ger\u00e7ekle\u015ftirdikleri y\u00fcr\u00fcy\u00fc\u015fle ecdada olan ba\u011fl\u0131l\u0131klar\u0131n\u0131 simgelediler.<br \/><\/p>\n","protected":false},"excerpt":{"rendered":"<p>K\u00fctahya\u2019n\u0131n Tav\u015fanl\u0131 il\u00e7esinde, Sar\u0131kam\u0131\u015f Harekat\u0131\u2019n\u0131n 111. y\u0131l d\u00f6n\u00fcm\u00fc m\u00fcnasebetiyle sivil toplum kurulu\u015flar\u0131 ve resmi kurumlar\u0131n i\u015f birli\u011finde geni\u015f kapsaml\u0131 bir anma program\u0131 d\u00fczenlendi. Tav\u015fanl\u0131 AFAD G\u00f6n\u00fcll\u00fcleri \u00f6nc\u00fcl\u00fc\u011f\u00fcnde ger\u00e7ekle\u015ftirilen organizasyona; Hay\u0131rl\u0131 Hizmetler Vakf\u0131, \u0130lim Yayma Cemiyeti, Rahmet Vakf\u0131 ve Tav\u015fanl\u0131 M\u00fcft\u00fcl\u00fc\u011f\u00fc destek verdi. &#8220;Beyaz h\u00fcz\u00fcn&#8221; olarak tarihe ge\u00e7en harekat\u0131n y\u0131l d\u00f6n\u00fcm\u00fcnde, \u015fehitlerin fedakarl\u0131klar\u0131n\u0131 unutturmamak ad\u0131na bir&#8230;<\/p>\n","protected":false},"author":1,"featured_media":75755,"comment_status":"open","ping_status":"open","sticky":false,"template":"","format":"standard","meta":{"_crdt_document":"","footnotes":""},"categories":[123],"tags":[],"class_list":["post-75754","post","type-post","status-publish","format-standard","has-post-thumbnail","hentry","category-gundem"],"_links":{"self":[{"href":"https:\/\/www.egemtv.com\/index.php?rest_route=\/wp\/v2\/posts\/75754","targetHints":{"allow":["GET"]}}],"collection":[{"href":"https:\/\/www.egemtv.com\/index.php?rest_route=\/wp\/v2\/posts"}],"about":[{"href":"https:\/\/www.egemtv.com\/index.php?rest_route=\/wp\/v2\/types\/post"}],"author":[{"embeddable":true,"href":"https:\/\/www.egemtv.com\/index.php?rest_route=\/wp\/v2\/users\/1"}],"replies":[{"embeddable":true,"href":"https:\/\/www.egemtv.com\/index.php?rest_route=%2Fwp%2Fv2%2Fcomments&post=75754"}],"version-history":[{"count":1,"href":"https:\/\/www.egemtv.com\/index.php?rest_route=\/wp\/v2\/posts\/75754\/revisions"}],"predecessor-version":[{"id":75756,"href":"https:\/\/www.egemtv.com\/index.php?rest_route=\/wp\/v2\/posts\/75754\/revisions\/75756"}],"wp:featuredmedia":[{"embeddable":true,"href":"https:\/\/www.egemtv.com\/index.php?rest_route=\/wp\/v2\/media\/75755"}],"wp:attachment":[{"href":"https:\/\/www.egemtv.com\/index.php?rest_route=%2Fwp%2Fv2%2Fmedia&parent=75754"}],"wp:term":[{"taxonomy":"category","embeddable":true,"href":"https:\/\/www.egemtv.com\/index.php?rest_route=%2Fwp%2Fv2%2Fcategories&post=75754"},{"taxonomy":"post_tag","embeddable":true,"href":"https:\/\/www.egemtv.com\/index.php?rest_route=%2Fwp%2Fv2%2Ftags&post=75754"}],"curies":[{"name":"wp","href":"https:\/\/api.w.org\/{rel}","templated":true}]}}