{"id":75751,"date":"2025-12-22T11:54:56","date_gmt":"2025-12-22T08:54:56","guid":{"rendered":"https:\/\/www.egemtv.com\/?p=75751"},"modified":"2025-12-22T11:54:57","modified_gmt":"2025-12-22T08:54:57","slug":"koycegiz-kaymakami-kumcu-zeytinyagi-fabrikasinda-inceleme-yapti","status":"publish","type":"post","link":"https:\/\/www.egemtv.com\/?p=75751","title":{"rendered":"K\u00f6yce\u011fiz Kaymakam\u0131 Kumcu, zeytinya\u011f\u0131 fabrikas\u0131nda inceleme yapt\u0131"},"content":{"rendered":"<p>Mu\u011fla\u2019n\u0131n K\u00f6yce\u011fiz il\u00e7esinde Kaymakam Mert Kumcu, faaliyetine devam eden zeytinya\u011f\u0131 fabrikas\u0131n\u0131 ziyaret ederek, i\u015fletme sahibi Y\u00fcksel Turan\u2019dan fabrika hakk\u0131nda bilgi ald\u0131.<\/p>\n<p>Ziyarette K\u00f6yce\u011fiz\u2019in \u00f6nemli ge\u00e7im kaynaklar\u0131ndan biri olan zeytinya\u011f\u0131n\u0131n \u00fcretimi, sat\u0131\u015f\u0131 ve zeytinin d\u0131\u015f piyasadaki yeri ile il\u00e7e ve \u00fclke ekonomisi a\u00e7\u0131s\u0131ndan ekonomik geli\u015fmeler de\u011ferlendirildi. Zeytinya\u011f\u0131 fabrika \u00fcretim tesislerinde incelemelerde bulunan Kaymakam Kumcu\u2019ya, zeytinya\u011f\u0131 fabrikas\u0131 sahibi Y\u00fcksel Turan sekt\u00f6r ile ilgili bilgiler verdi. K\u00f6yce\u011fiz Kaymakam\u0131 Mert Kumcu ziyarette \u00e7al\u0131\u015fanlara kolayl\u0131klar diledi. Zeytinin hasattan sonra zeytinya\u011f\u0131 olarak sofraya geli\u015f s\u00fcrecini yerinde incelemek amac\u0131yla ger\u00e7ekle\u015ftirilen ziyarete, K\u00f6yce\u011fiz Kaymakam\u0131 Mert Kumcu, Zeytinalan\u0131 Mahallesi Muhtar\u0131 Sezgin Ko\u00e7yi\u011fit ve \u0130l\u00e7e Tar\u0131m M\u00fcd\u00fcr\u00fc E\u015fref Arslan kat\u0131ld\u0131.<br \/><\/p>\n","protected":false},"excerpt":{"rendered":"<p>Mu\u011fla\u2019n\u0131n K\u00f6yce\u011fiz il\u00e7esinde Kaymakam Mert Kumcu, faaliyetine devam eden zeytinya\u011f\u0131 fabrikas\u0131n\u0131 ziyaret ederek, i\u015fletme sahibi Y\u00fcksel Turan\u2019dan fabrika hakk\u0131nda bilgi ald\u0131. Ziyarette K\u00f6yce\u011fiz\u2019in \u00f6nemli ge\u00e7im kaynaklar\u0131ndan biri olan zeytinya\u011f\u0131n\u0131n \u00fcretimi, sat\u0131\u015f\u0131 ve zeytinin d\u0131\u015f piyasadaki yeri ile il\u00e7e ve \u00fclke ekonomisi a\u00e7\u0131s\u0131ndan ekonomik geli\u015fmeler de\u011ferlendirildi. Zeytinya\u011f\u0131 fabrika \u00fcretim tesislerinde incelemelerde bulunan Kaymakam Kumcu\u2019ya, zeytinya\u011f\u0131 fabrikas\u0131&#8230;<\/p>\n","protected":false},"author":1,"featured_media":75752,"comment_status":"open","ping_status":"open","sticky":false,"template":"","format":"standard","meta":{"_crdt_document":"","footnotes":""},"categories":[1],"tags":[],"class_list":["post-75751","post","type-post","status-publish","format-standard","has-post-thumbnail","hentry","category-guncel"],"_links":{"self":[{"href":"https:\/\/www.egemtv.com\/index.php?rest_route=\/wp\/v2\/posts\/75751","targetHints":{"allow":["GET"]}}],"collection":[{"href":"https:\/\/www.egemtv.com\/index.php?rest_route=\/wp\/v2\/posts"}],"about":[{"href":"https:\/\/www.egemtv.com\/index.php?rest_route=\/wp\/v2\/types\/post"}],"author":[{"embeddable":true,"href":"https:\/\/www.egemtv.com\/index.php?rest_route=\/wp\/v2\/users\/1"}],"replies":[{"embeddable":true,"href":"https:\/\/www.egemtv.com\/index.php?rest_route=%2Fwp%2Fv2%2Fcomments&post=75751"}],"version-history":[{"count":1,"href":"https:\/\/www.egemtv.com\/index.php?rest_route=\/wp\/v2\/posts\/75751\/revisions"}],"predecessor-version":[{"id":75753,"href":"https:\/\/www.egemtv.com\/index.php?rest_route=\/wp\/v2\/posts\/75751\/revisions\/75753"}],"wp:featuredmedia":[{"embeddable":true,"href":"https:\/\/www.egemtv.com\/index.php?rest_route=\/wp\/v2\/media\/75752"}],"wp:attachment":[{"href":"https:\/\/www.egemtv.com\/index.php?rest_route=%2Fwp%2Fv2%2Fmedia&parent=75751"}],"wp:term":[{"taxonomy":"category","embeddable":true,"href":"https:\/\/www.egemtv.com\/index.php?rest_route=%2Fwp%2Fv2%2Fcategories&post=75751"},{"taxonomy":"post_tag","embeddable":true,"href":"https:\/\/www.egemtv.com\/index.php?rest_route=%2Fwp%2Fv2%2Ftags&post=75751"}],"curies":[{"name":"wp","href":"https:\/\/api.w.org\/{rel}","templated":true}]}}