{"id":75745,"date":"2025-12-22T11:54:54","date_gmt":"2025-12-22T08:54:54","guid":{"rendered":"https:\/\/www.egemtv.com\/?p=75745"},"modified":"2025-12-22T11:54:55","modified_gmt":"2025-12-22T08:54:55","slug":"bir-yil-once-kirima-ugrayan-ambulans-helikopterdeki-gorev-sahitleri-anildi","status":"publish","type":"post","link":"https:\/\/www.egemtv.com\/?p=75745","title":{"rendered":"Bir y\u0131l \u00f6nce k\u0131r\u0131ma u\u011frayan ambulans helikopterdeki g\u00f6rev \u015fahitleri an\u0131ld\u0131"},"content":{"rendered":"<p>Ge\u00e7en y\u0131l 22 Aral\u0131k\u2019ta kalk\u0131\u015f\u0131 esnas\u0131nda Mu\u011fla E\u011fitim ve Ara\u015ft\u0131rma Hastanesine \u00e7arparak d\u00fc\u015fen, kaza-k\u0131r\u0131m sonras\u0131 2 pilot, bir doktor ve bir sa\u011fl\u0131k \u00e7al\u0131\u015fan\u0131n\u0131n ya\u015fam\u0131n\u0131 yitirdi\u011fi alanda anma program\u0131 d\u00fczenlendi. K\u0131r\u0131ma u\u011frayan helikopterde g\u00f6revli pilotlar Bayram \u00c7i\u00e7ek, Tamer G\u00f6n\u00fcl, Dr. Cengiz \u00c7o\u015fkun ve acil t\u0131p teknisyeni Sel\u00e7uk Saykal ya\u015fam\u0131n\u0131 yitirmi\u015fti.<br \/>\n<br \/>Kazan\u0131n ya\u015fand\u0131\u011f\u0131 Mu\u011fla E\u011fitim ve Ara\u015ft\u0131rma Hastanesi bah\u00e7esinde d\u00fczenlenen anma t\u00f6reninde g\u00f6rev \u015fehitleri i\u00e7in kazan\u0131n oldu\u011fu alana zeytin fidan\u0131 dikildi. T\u00f6rene Vali Yard\u0131mc\u0131s\u0131 H\u00fcseyin Karame\u015fe ve Mehmet Eri\u015f, \u0130l Sa\u011fl\u0131k M\u00fcd\u00fcr\u00fc Dr. Eri\u015f Ba\u015faran Ak\u00e7a, Mu\u011fla E\u011fitim ve Ara\u015ft\u0131rma Hastanesi Ba\u015fhekimi Prof. Dr. Ethem Acar ve sa\u011fl\u0131k \u00e7al\u0131\u015fanlar\u0131 kat\u0131ld\u0131.<br \/>\n<br \/>Anma program\u0131nda konu\u015fan Mu\u011fla \u0130l Sa\u011fl\u0131k M\u00fcd\u00fcr\u00fc Dr. Eri\u015f Ba\u015faran Ak\u00e7a, &#8220;Ge\u00e7en sene ayn\u0131 g\u00fcn yine b\u00f6yle bir havada maalesef \u00e7ok \u00f6nemli bir kaza ya\u015fand\u0131. Sa\u011fl\u0131k Bakanl\u0131\u011f\u0131m\u0131za ba\u011fl\u0131 ambulans helikopterinin g\u00f6rev u\u00e7u\u015fu s\u0131ras\u0131nda E\u011fitim Ara\u015ft\u0131rma Hastanemize \u00e7arparak d\u00fc\u015fmesi sonucu. Pilot Tamer G\u00f6n\u00fcl, Pilot Bayram \u00c7i\u00e7ek, Doktor Cengiz Co\u015fkun ve Acil T\u0131p Teknisyeni arkada\u015f\u0131m\u0131z Sel\u00e7uk Baykal hayatlar\u0131n\u0131 kaybetmi\u015f, g\u00f6revleri u\u011fruna canlar\u0131n\u0131 feda etmi\u015flerdir. Bu ac\u0131 olay yaln\u0131zca ailelerine de\u011fil t\u00fcm sa\u011fl\u0131k camiam\u0131z\u0131 ve milletimizi derin bir \u00fcz\u00fcnt\u00fcye bo\u011fmu\u015ftur. Onlar insan hayat\u0131n\u0131 kurtarmak i\u00e7in \u00e7\u0131kt\u0131klar\u0131 bu kutsal g\u00f6revde meslek onurlar\u0131n\u0131 ve fedak\u00e2rl\u0131klar\u0131n\u0131 en y\u00fcce \u015fekilde temsil etmi\u015flerdir. Bug\u00fcn burada biraz sonra dikilecek olan her bir zeytin a\u011fac\u0131 bar\u0131\u015f\u0131n, sabr\u0131n ve \u00f6l\u00fcms\u00fcz hat\u0131ran\u0131n simgesi olarak aziz \u015fehitlerimizin isimlerini ya\u015fatacaklard\u0131r&#8221; dedi.<br \/>\n<br \/>Ambulans helikopterin kaza-k\u0131r\u0131ma u\u011frad\u0131\u011f\u0131 alanda d\u00fczenlenen t\u00f6rende her bir g\u00f6rev \u015fehidi i\u00e7in zeytin fidan\u0131 dikimi yap\u0131ld\u0131,<br \/>\n<br \/>G\u00f6revli olarak Mu\u011fla\u2019ya gelen ambulans helikopter, olumsuz hava \u015fartlar\u0131 nedeniyle havalanamad\u0131. Sabah saatlerinde Antalya\u2019ya gitmek i\u00e7in havalanan ambulans helikopter, havaland\u0131ktan k\u0131sa bir s\u00fcre sonra yo\u011fun sis dolay\u0131s\u0131yla hastane binas\u0131na \u00e7arparak kaza k\u0131r\u0131ma u\u011frad\u0131. Kazada, helikopterde g\u00f6revli pilotlar Bayram \u00c7i\u00e7ek, Tamer G\u00f6n\u00fcl, Dr. Cengiz \u00c7o\u015fkun ve Acil T\u0131p Teknisyeni Sel\u00e7uk Saykal ya\u015fam\u0131n\u0131 yitirmi\u015fti.<br \/><\/p>\n","protected":false},"excerpt":{"rendered":"<p>Ge\u00e7en y\u0131l 22 Aral\u0131k\u2019ta kalk\u0131\u015f\u0131 esnas\u0131nda Mu\u011fla E\u011fitim ve Ara\u015ft\u0131rma Hastanesine \u00e7arparak d\u00fc\u015fen, kaza-k\u0131r\u0131m sonras\u0131 2 pilot, bir doktor ve bir sa\u011fl\u0131k \u00e7al\u0131\u015fan\u0131n\u0131n ya\u015fam\u0131n\u0131 yitirdi\u011fi alanda anma program\u0131 d\u00fczenlendi. K\u0131r\u0131ma u\u011frayan helikopterde g\u00f6revli pilotlar Bayram \u00c7i\u00e7ek, Tamer G\u00f6n\u00fcl, Dr. Cengiz \u00c7o\u015fkun ve acil t\u0131p teknisyeni Sel\u00e7uk Saykal ya\u015fam\u0131n\u0131 yitirmi\u015fti. Kazan\u0131n ya\u015fand\u0131\u011f\u0131 Mu\u011fla E\u011fitim ve Ara\u015ft\u0131rma&#8230;<\/p>\n","protected":false},"author":1,"featured_media":75746,"comment_status":"open","ping_status":"open","sticky":false,"template":"","format":"standard","meta":{"_crdt_document":"","footnotes":""},"categories":[5],"tags":[],"class_list":["post-75745","post","type-post","status-publish","format-standard","has-post-thumbnail","hentry","category-asayis"],"_links":{"self":[{"href":"https:\/\/www.egemtv.com\/index.php?rest_route=\/wp\/v2\/posts\/75745","targetHints":{"allow":["GET"]}}],"collection":[{"href":"https:\/\/www.egemtv.com\/index.php?rest_route=\/wp\/v2\/posts"}],"about":[{"href":"https:\/\/www.egemtv.com\/index.php?rest_route=\/wp\/v2\/types\/post"}],"author":[{"embeddable":true,"href":"https:\/\/www.egemtv.com\/index.php?rest_route=\/wp\/v2\/users\/1"}],"replies":[{"embeddable":true,"href":"https:\/\/www.egemtv.com\/index.php?rest_route=%2Fwp%2Fv2%2Fcomments&post=75745"}],"version-history":[{"count":1,"href":"https:\/\/www.egemtv.com\/index.php?rest_route=\/wp\/v2\/posts\/75745\/revisions"}],"predecessor-version":[{"id":75747,"href":"https:\/\/www.egemtv.com\/index.php?rest_route=\/wp\/v2\/posts\/75745\/revisions\/75747"}],"wp:featuredmedia":[{"embeddable":true,"href":"https:\/\/www.egemtv.com\/index.php?rest_route=\/wp\/v2\/media\/75746"}],"wp:attachment":[{"href":"https:\/\/www.egemtv.com\/index.php?rest_route=%2Fwp%2Fv2%2Fmedia&parent=75745"}],"wp:term":[{"taxonomy":"category","embeddable":true,"href":"https:\/\/www.egemtv.com\/index.php?rest_route=%2Fwp%2Fv2%2Fcategories&post=75745"},{"taxonomy":"post_tag","embeddable":true,"href":"https:\/\/www.egemtv.com\/index.php?rest_route=%2Fwp%2Fv2%2Ftags&post=75745"}],"curies":[{"name":"wp","href":"https:\/\/api.w.org\/{rel}","templated":true}]}}