{"id":75742,"date":"2025-12-22T11:54:54","date_gmt":"2025-12-22T08:54:54","guid":{"rendered":"https:\/\/www.egemtv.com\/?p=75742"},"modified":"2025-12-22T11:54:54","modified_gmt":"2025-12-22T08:54:54","slug":"kutahya-osbde-firmalar-arasi-dart-turnuvasi-heyecani","status":"publish","type":"post","link":"https:\/\/www.egemtv.com\/?p=75742","title":{"rendered":"K\u00fctahya OSB\u2019de firmalar aras\u0131 dart turnuvas\u0131 heyecan\u0131"},"content":{"rendered":"<p>K\u00fctahya Organize Sanayi B\u00f6lgesi (OSB) taraf\u0131ndan bu y\u0131l d\u00f6rd\u00fcnc\u00fcs\u00fc d\u00fczenlenen \u2019Geleneksel Firmalar Aras\u0131 Dart Turnuvas\u0131\u2019, sanayi b\u00f6lgesinde faaliyet g\u00f6steren kurum ve firmalar\u0131n kat\u0131l\u0131m\u0131yla ger\u00e7ekle\u015ftirildi. Toplam 10 tak\u0131m\u0131n m\u00fccadele etti\u011fi turnuva, centilmence rekabetin ve sosyal etkile\u015fimin \u00f6n planda oldu\u011fu renkli kar\u015f\u0131la\u015fmalara sahne oldu.<br \/>\n<br \/>Dikkat, odaklanma ve istikrar\u0131n \u00f6n plana \u00e7\u0131kt\u0131\u011f\u0131 m\u00fcsabakalarda kat\u0131l\u0131mc\u0131lar, hem k\u0131yas\u0131ya rekabet etti hem de yo\u011fun i\u015f temposuna k\u0131sa bir mola vererek sosyal ba\u011flar\u0131n\u0131 g\u00fc\u00e7lendirme imk\u00e2n\u0131 buldu. Organizasyon, sanayi b\u00f6lgesinde kurumlar aras\u0131 ileti\u015fimi ve dayan\u0131\u015fmay\u0131 art\u0131rma hedefi do\u011frultusunda yo\u011fun ilgi g\u00f6rd\u00fc.<br \/>\n<br \/>Heyecan dolu kar\u015f\u0131la\u015fmalar\u0131n ard\u0131ndan turnuvan\u0131n \u015fampiyonu, sergiledikleri ba\u015far\u0131l\u0131 performansla TOBB K\u00fctahya OSB Mesleki ve Teknik Anadolu Lisesi \u00f6\u011frencileri oldu. Gen\u00e7lerin elde etti\u011fi bu ba\u015far\u0131, mesleki e\u011fitimin sosyal ve sportif alanlardaki g\u00fcc\u00fcn\u00fc bir kez daha g\u00f6zler \u00f6n\u00fcne serdi.<br \/>\n<br \/>K\u00fctahya Organize Sanayi B\u00f6lgesi Y\u00f6netim Kurulu Ba\u015fkan\u0131 Tolga Eskio\u011flu, turnuva sonras\u0131 yapt\u0131\u011f\u0131 de\u011ferlendirmede; sanayi b\u00f6lgesinde kurumsal dayan\u0131\u015fmay\u0131 ve sosyal etkile\u015fimi g\u00fc\u00e7lendiren bu t\u00fcr organizasyonlar\u0131n b\u00fcy\u00fck \u00f6nem ta\u015f\u0131d\u0131\u011f\u0131n\u0131 belirterek, geleneksel hale gelen sosyal etkinliklerin \u00f6n\u00fcm\u00fczdeki d\u00f6nemlerde de artarak devam edece\u011fini ifade etti. Eskio\u011flu, turnuvaya kat\u0131lan t\u00fcm tak\u0131mlara ve organizasyonda eme\u011fi ge\u00e7enlere te\u015fekk\u00fcr etti.<br \/><\/p>\n","protected":false},"excerpt":{"rendered":"<p>K\u00fctahya Organize Sanayi B\u00f6lgesi (OSB) taraf\u0131ndan bu y\u0131l d\u00f6rd\u00fcnc\u00fcs\u00fc d\u00fczenlenen \u2019Geleneksel Firmalar Aras\u0131 Dart Turnuvas\u0131\u2019, sanayi b\u00f6lgesinde faaliyet g\u00f6steren kurum ve firmalar\u0131n kat\u0131l\u0131m\u0131yla ger\u00e7ekle\u015ftirildi. Toplam 10 tak\u0131m\u0131n m\u00fccadele etti\u011fi turnuva, centilmence rekabetin ve sosyal etkile\u015fimin \u00f6n planda oldu\u011fu renkli kar\u015f\u0131la\u015fmalara sahne oldu. Dikkat, odaklanma ve istikrar\u0131n \u00f6n plana \u00e7\u0131kt\u0131\u011f\u0131 m\u00fcsabakalarda kat\u0131l\u0131mc\u0131lar, hem k\u0131yas\u0131ya rekabet etti&#8230;<\/p>\n","protected":false},"author":1,"featured_media":75743,"comment_status":"open","ping_status":"open","sticky":false,"template":"","format":"standard","meta":{"_crdt_document":"","footnotes":""},"categories":[123],"tags":[],"class_list":["post-75742","post","type-post","status-publish","format-standard","has-post-thumbnail","hentry","category-gundem"],"_links":{"self":[{"href":"https:\/\/www.egemtv.com\/index.php?rest_route=\/wp\/v2\/posts\/75742","targetHints":{"allow":["GET"]}}],"collection":[{"href":"https:\/\/www.egemtv.com\/index.php?rest_route=\/wp\/v2\/posts"}],"about":[{"href":"https:\/\/www.egemtv.com\/index.php?rest_route=\/wp\/v2\/types\/post"}],"author":[{"embeddable":true,"href":"https:\/\/www.egemtv.com\/index.php?rest_route=\/wp\/v2\/users\/1"}],"replies":[{"embeddable":true,"href":"https:\/\/www.egemtv.com\/index.php?rest_route=%2Fwp%2Fv2%2Fcomments&post=75742"}],"version-history":[{"count":1,"href":"https:\/\/www.egemtv.com\/index.php?rest_route=\/wp\/v2\/posts\/75742\/revisions"}],"predecessor-version":[{"id":75744,"href":"https:\/\/www.egemtv.com\/index.php?rest_route=\/wp\/v2\/posts\/75742\/revisions\/75744"}],"wp:featuredmedia":[{"embeddable":true,"href":"https:\/\/www.egemtv.com\/index.php?rest_route=\/wp\/v2\/media\/75743"}],"wp:attachment":[{"href":"https:\/\/www.egemtv.com\/index.php?rest_route=%2Fwp%2Fv2%2Fmedia&parent=75742"}],"wp:term":[{"taxonomy":"category","embeddable":true,"href":"https:\/\/www.egemtv.com\/index.php?rest_route=%2Fwp%2Fv2%2Fcategories&post=75742"},{"taxonomy":"post_tag","embeddable":true,"href":"https:\/\/www.egemtv.com\/index.php?rest_route=%2Fwp%2Fv2%2Ftags&post=75742"}],"curies":[{"name":"wp","href":"https:\/\/api.w.org\/{rel}","templated":true}]}}