{"id":75739,"date":"2025-12-22T11:54:52","date_gmt":"2025-12-22T08:54:52","guid":{"rendered":"https:\/\/www.egemtv.com\/?p=75739"},"modified":"2025-12-22T11:54:53","modified_gmt":"2025-12-22T08:54:53","slug":"saray-mahallesinde-asfalt-calismalari-suruyor","status":"publish","type":"post","link":"https:\/\/www.egemtv.com\/?p=75739","title":{"rendered":"Saray Mahallesi\u2019nde asfalt \u00e7al\u0131\u015fmalar\u0131 s\u00fcr\u00fcyor"},"content":{"rendered":"<p>K\u00fctahya Belediye Ba\u015fkan Yard\u0131mc\u0131s\u0131 Osman Orta\u00e7l\u0131, Fen \u0130\u015fleri M\u00fcd\u00fcr\u00fc Ali Ta\u015fk\u0131n ve Saray Mahallesi Muhtar\u0131 Necati \u015eahin, Saray Mahallesinde devam eden asfalt \u00e7al\u0131\u015fmalar\u0131n\u0131 inceledi.<br \/>\n<br \/>Ula\u015f\u0131m konforunu art\u0131rmaya y\u00f6nelik \u00e7al\u0131\u015fmalar\u0131n ilerleyi\u015fi de\u011ferlendirilirken, g\u00f6rev ba\u015f\u0131ndaki belediye personeli ile samimi sohbetler ger\u00e7ekle\u015ftirildi.<br \/>\n<br \/>Saray Mahallesi Muhtar\u0131 Necati \u015eahin, yap\u0131lan hizmetlerden duydu\u011fu memnuniyeti dile getirerek belediyeye ve eme\u011fi ge\u00e7en personele te\u015fekk\u00fcr etti.<br \/>\n<br \/>K\u00fctahya Belediyesi, \u015fehir genelinde yol yap\u0131m ve bak\u0131m \u00e7al\u0131\u015fmalar\u0131n\u0131 aral\u0131ks\u0131z s\u00fcrd\u00fcr\u00fcyor.<br \/><\/p>\n","protected":false},"excerpt":{"rendered":"<p>K\u00fctahya Belediye Ba\u015fkan Yard\u0131mc\u0131s\u0131 Osman Orta\u00e7l\u0131, Fen \u0130\u015fleri M\u00fcd\u00fcr\u00fc Ali Ta\u015fk\u0131n ve Saray Mahallesi Muhtar\u0131 Necati \u015eahin, Saray Mahallesinde devam eden asfalt \u00e7al\u0131\u015fmalar\u0131n\u0131 inceledi. Ula\u015f\u0131m konforunu art\u0131rmaya y\u00f6nelik \u00e7al\u0131\u015fmalar\u0131n ilerleyi\u015fi de\u011ferlendirilirken, g\u00f6rev ba\u015f\u0131ndaki belediye personeli ile samimi sohbetler ger\u00e7ekle\u015ftirildi. Saray Mahallesi Muhtar\u0131 Necati \u015eahin, yap\u0131lan hizmetlerden duydu\u011fu memnuniyeti dile getirerek belediyeye ve eme\u011fi ge\u00e7en personele&#8230;<\/p>\n","protected":false},"author":1,"featured_media":75740,"comment_status":"open","ping_status":"open","sticky":false,"template":"","format":"standard","meta":{"_crdt_document":"","footnotes":""},"categories":[1],"tags":[],"class_list":["post-75739","post","type-post","status-publish","format-standard","has-post-thumbnail","hentry","category-guncel"],"_links":{"self":[{"href":"https:\/\/www.egemtv.com\/index.php?rest_route=\/wp\/v2\/posts\/75739","targetHints":{"allow":["GET"]}}],"collection":[{"href":"https:\/\/www.egemtv.com\/index.php?rest_route=\/wp\/v2\/posts"}],"about":[{"href":"https:\/\/www.egemtv.com\/index.php?rest_route=\/wp\/v2\/types\/post"}],"author":[{"embeddable":true,"href":"https:\/\/www.egemtv.com\/index.php?rest_route=\/wp\/v2\/users\/1"}],"replies":[{"embeddable":true,"href":"https:\/\/www.egemtv.com\/index.php?rest_route=%2Fwp%2Fv2%2Fcomments&post=75739"}],"version-history":[{"count":1,"href":"https:\/\/www.egemtv.com\/index.php?rest_route=\/wp\/v2\/posts\/75739\/revisions"}],"predecessor-version":[{"id":75741,"href":"https:\/\/www.egemtv.com\/index.php?rest_route=\/wp\/v2\/posts\/75739\/revisions\/75741"}],"wp:featuredmedia":[{"embeddable":true,"href":"https:\/\/www.egemtv.com\/index.php?rest_route=\/wp\/v2\/media\/75740"}],"wp:attachment":[{"href":"https:\/\/www.egemtv.com\/index.php?rest_route=%2Fwp%2Fv2%2Fmedia&parent=75739"}],"wp:term":[{"taxonomy":"category","embeddable":true,"href":"https:\/\/www.egemtv.com\/index.php?rest_route=%2Fwp%2Fv2%2Fcategories&post=75739"},{"taxonomy":"post_tag","embeddable":true,"href":"https:\/\/www.egemtv.com\/index.php?rest_route=%2Fwp%2Fv2%2Ftags&post=75739"}],"curies":[{"name":"wp","href":"https:\/\/api.w.org\/{rel}","templated":true}]}}