{"id":75736,"date":"2025-12-22T11:34:58","date_gmt":"2025-12-22T08:34:58","guid":{"rendered":"https:\/\/www.egemtv.com\/?p=75736"},"modified":"2025-12-22T11:34:59","modified_gmt":"2025-12-22T08:34:59","slug":"tavas-ilce-merkezinde-ust-yapi-calismalarini-tum-hiziyla-devam-ediyor","status":"publish","type":"post","link":"https:\/\/www.egemtv.com\/?p=75736","title":{"rendered":"Tavas ilce merkezinde \u00fcst yap\u0131 \u00e7al\u0131\u015fmalar\u0131n\u0131 t\u00fcm h\u0131z\u0131yla devam ediyor"},"content":{"rendered":"<p>Tavas merkezde yap\u0131m\u0131 devam \u00fcst yap\u0131 \u00e7al\u0131\u015fmalar\u0131n\u0131 Tavas Belediye Ba\u015fkan\u0131 Kadir Tat\u0131k, yerinde inceledi ve vatanda\u015flarla sohbet etti.<br \/>\n<br \/>Tavas ilce merkezi Karao\u011flano\u011flu Caddesi \u00fczerinde yap\u0131lan \u00fcst yap\u0131 \u00e7al\u0131\u015fmalar\u0131n\u0131 Tavas Belediye Ba\u015fkan\u0131 Kadir Tat\u0131k, yerinde inceledi. Cadde \u00fczerinde evleri ve i\u015f yerleri olan vatanda\u015fla da Ba\u015fkan Tat\u0131k muhabbet etti.  Tavasl\u0131 vatanda\u015flar\u0131n daha konforlu ve g\u00fcvenli ula\u015f\u0131m\u0131n\u0131 sa\u011flamak i\u00e7in i\u00e7in \u00e7al\u0131\u015fmalar\u0131 s\u00fcrd\u00fcrd\u00fcklerini belirten Tavas Belediye Ba\u015fkan\u0131 Kadir Tat\u0131k, &#8221; Tavas merkezde, Karao\u011flano\u011flu Caddesi\u2019nde altyap\u0131 \u00e7al\u0131\u015fmalar\u0131n\u0131n tamamlanmas\u0131n\u0131n ard\u0131ndan, Denizli B\u00fcy\u00fck\u015fehir Belediyemizin katk\u0131lar\u0131yla \u00fcstyap\u0131 yol \u00e7al\u0131\u015fmalar\u0131m\u0131z aral\u0131ks\u0131z devam ediyor. Sahada devam eden \u00e7al\u0131\u015fmalar\u0131 yerinde inceleyerek ekiplerimizden bilgi ald\u0131k. Hem daha konforlu hem de daha g\u00fcvenli bir ula\u015f\u0131m i\u00e7in ekiplerimiz yo\u011fun bir mesaiyle \u00e7al\u0131\u015f\u0131yor. En k\u0131sa s\u00fcrede tamamlayarak Karao\u011flano\u011flu Caddesi\u2019ni yenilenmi\u015f haliyle hem\u015fehrilerimizin hizmetine sunmay\u0131 hedefliyoruz. S\u00fcre\u00e7 boyunca g\u00f6sterilen anlay\u0131\u015f ve sab\u0131r i\u00e7in t\u00fcm vatanda\u015flar\u0131m\u0131za te\u015fekk\u00fcr ederiz&#8221; ifadelerini kulland\u0131.<br \/><\/p>\n","protected":false},"excerpt":{"rendered":"<p>Tavas merkezde yap\u0131m\u0131 devam \u00fcst yap\u0131 \u00e7al\u0131\u015fmalar\u0131n\u0131 Tavas Belediye Ba\u015fkan\u0131 Kadir Tat\u0131k, yerinde inceledi ve vatanda\u015flarla sohbet etti. Tavas ilce merkezi Karao\u011flano\u011flu Caddesi \u00fczerinde yap\u0131lan \u00fcst yap\u0131 \u00e7al\u0131\u015fmalar\u0131n\u0131 Tavas Belediye Ba\u015fkan\u0131 Kadir Tat\u0131k, yerinde inceledi. Cadde \u00fczerinde evleri ve i\u015f yerleri olan vatanda\u015fla da Ba\u015fkan Tat\u0131k muhabbet etti. Tavasl\u0131 vatanda\u015flar\u0131n daha konforlu ve g\u00fcvenli ula\u015f\u0131m\u0131n\u0131&#8230;<\/p>\n","protected":false},"author":1,"featured_media":75737,"comment_status":"open","ping_status":"open","sticky":false,"template":"","format":"standard","meta":{"_crdt_document":"","footnotes":""},"categories":[1],"tags":[],"class_list":["post-75736","post","type-post","status-publish","format-standard","has-post-thumbnail","hentry","category-guncel"],"_links":{"self":[{"href":"https:\/\/www.egemtv.com\/index.php?rest_route=\/wp\/v2\/posts\/75736","targetHints":{"allow":["GET"]}}],"collection":[{"href":"https:\/\/www.egemtv.com\/index.php?rest_route=\/wp\/v2\/posts"}],"about":[{"href":"https:\/\/www.egemtv.com\/index.php?rest_route=\/wp\/v2\/types\/post"}],"author":[{"embeddable":true,"href":"https:\/\/www.egemtv.com\/index.php?rest_route=\/wp\/v2\/users\/1"}],"replies":[{"embeddable":true,"href":"https:\/\/www.egemtv.com\/index.php?rest_route=%2Fwp%2Fv2%2Fcomments&post=75736"}],"version-history":[{"count":1,"href":"https:\/\/www.egemtv.com\/index.php?rest_route=\/wp\/v2\/posts\/75736\/revisions"}],"predecessor-version":[{"id":75738,"href":"https:\/\/www.egemtv.com\/index.php?rest_route=\/wp\/v2\/posts\/75736\/revisions\/75738"}],"wp:featuredmedia":[{"embeddable":true,"href":"https:\/\/www.egemtv.com\/index.php?rest_route=\/wp\/v2\/media\/75737"}],"wp:attachment":[{"href":"https:\/\/www.egemtv.com\/index.php?rest_route=%2Fwp%2Fv2%2Fmedia&parent=75736"}],"wp:term":[{"taxonomy":"category","embeddable":true,"href":"https:\/\/www.egemtv.com\/index.php?rest_route=%2Fwp%2Fv2%2Fcategories&post=75736"},{"taxonomy":"post_tag","embeddable":true,"href":"https:\/\/www.egemtv.com\/index.php?rest_route=%2Fwp%2Fv2%2Ftags&post=75736"}],"curies":[{"name":"wp","href":"https:\/\/api.w.org\/{rel}","templated":true}]}}