{"id":75730,"date":"2025-12-22T11:34:56","date_gmt":"2025-12-22T08:34:56","guid":{"rendered":"https:\/\/www.egemtv.com\/?p=75730"},"modified":"2025-12-22T11:34:56","modified_gmt":"2025-12-22T08:34:56","slug":"gelecegin-yildiz-futbolculari-icin-denizli-kampi-basladi","status":"publish","type":"post","link":"https:\/\/www.egemtv.com\/?p=75730","title":{"rendered":"Gelece\u011fin y\u0131ld\u0131z futbolcular\u0131 i\u00e7in Denizli kamp\u0131 ba\u015flad\u0131"},"content":{"rendered":"<p>Gelece\u011fin futbolcular\u0131 \u00e7ocuklar i\u00e7in d\u00fczenlenen &#8220;Gelece\u011fin Y\u0131ld\u0131zlar\u0131 Futbol ve Geli\u015fim Kamp\u0131&#8221;, Cankurtaran Kamp E\u011fitim Merkezi\u2019nde ger\u00e7ekle\u015ftirildi.<\/p>\n<p>Futbol altyap\u0131s\u0131nda yer alan 35 sporcunun kat\u0131l\u0131m sa\u011flad\u0131\u011f\u0131 kamp program\u0131, \u00e7ocuklar\u0131n sportif geli\u015fimlerini desteklemenin yan\u0131 s\u0131ra sosyal, fiziksel ve ki\u015fisel becerilerini g\u00fc\u00e7lendirmeyi hedefledi. Kamp s\u00fcresince sporcular, hem e\u011fitim hem de e\u011flence dolu iki g\u00fcn ge\u00e7irdi. Kamp\u0131n ilk g\u00fcn\u00fc g\u00fcvenlik bilgilendirmeleri yap\u0131ld\u0131, tan\u0131\u015fma etkinlikleri ger\u00e7ekle\u015ftirildi. G\u00fcn boyunca \u0131s\u0131nma ve koordinasyon parkurlar\u0131, temel teknik \u00e7al\u0131\u015fmalar, mini tak\u0131m oyunlar\u0131 ve turnuva ma\u00e7lar\u0131 ile sporcular\u0131n futbol becerileri geli\u015ftirildi. Ak\u015fam saatlerinde ise kamp ate\u015fi etraf\u0131nda motivasyon konu\u015fmalar\u0131, sinema etkinlikleri ve e\u011flenceli bilgi yar\u0131\u015fmalar\u0131 d\u00fczenlendi.<\/p>\n<p>Gelece\u011fin sporcular\u0131na kamp deneyimi sunuldu<br \/>\n<br \/>Kamp\u0131n ikinci g\u00fcn\u00fcnde yap\u0131lan antrenmanlarda tak\u0131m savunmas\u0131, h\u00fccum yerle\u015fimleri ile 3&#215;3 ve 4&#215;4 k\u00fc\u00e7\u00fck alan oyunlar\u0131na yer verildi. Program, kampa kat\u0131lan sporculara sertifika da\u011f\u0131t\u0131m\u0131, geri bildirim anketi ve grup foto\u011fraf\u0131 \u00e7ekimiyle sona erdi. &#8220;Gelece\u011fin Y\u0131ld\u0131zlar\u0131 Futbol ve Geli\u015fim Kamp\u0131&#8221; ile \u00e7ocuklara futbolun temel tekniklerini \u00f6\u011fretmek, tak\u0131m ruhu ve ileti\u015fim becerilerini geli\u015ftirmek, disiplin ve \u00f6zg\u00fcven kazand\u0131rmak, fiziksel aktiviteyi e\u011flenceli bir ortamda te\u015fvik etmek ve do\u011fayla i\u00e7 i\u00e7e, g\u00fcvenli bir kamp deneyimi sunmak ama\u00e7land\u0131.<br \/><\/p>\n","protected":false},"excerpt":{"rendered":"<p>Gelece\u011fin futbolcular\u0131 \u00e7ocuklar i\u00e7in d\u00fczenlenen &#8220;Gelece\u011fin Y\u0131ld\u0131zlar\u0131 Futbol ve Geli\u015fim Kamp\u0131&#8221;, Cankurtaran Kamp E\u011fitim Merkezi\u2019nde ger\u00e7ekle\u015ftirildi. Futbol altyap\u0131s\u0131nda yer alan 35 sporcunun kat\u0131l\u0131m sa\u011flad\u0131\u011f\u0131 kamp program\u0131, \u00e7ocuklar\u0131n sportif geli\u015fimlerini desteklemenin yan\u0131 s\u0131ra sosyal, fiziksel ve ki\u015fisel becerilerini g\u00fc\u00e7lendirmeyi hedefledi. Kamp s\u00fcresince sporcular, hem e\u011fitim hem de e\u011flence dolu iki g\u00fcn ge\u00e7irdi. Kamp\u0131n ilk g\u00fcn\u00fc g\u00fcvenlik&#8230;<\/p>\n","protected":false},"author":1,"featured_media":75731,"comment_status":"open","ping_status":"open","sticky":false,"template":"","format":"standard","meta":{"_crdt_document":"","footnotes":""},"categories":[4],"tags":[],"class_list":["post-75730","post","type-post","status-publish","format-standard","has-post-thumbnail","hentry","category-spor"],"_links":{"self":[{"href":"https:\/\/www.egemtv.com\/index.php?rest_route=\/wp\/v2\/posts\/75730","targetHints":{"allow":["GET"]}}],"collection":[{"href":"https:\/\/www.egemtv.com\/index.php?rest_route=\/wp\/v2\/posts"}],"about":[{"href":"https:\/\/www.egemtv.com\/index.php?rest_route=\/wp\/v2\/types\/post"}],"author":[{"embeddable":true,"href":"https:\/\/www.egemtv.com\/index.php?rest_route=\/wp\/v2\/users\/1"}],"replies":[{"embeddable":true,"href":"https:\/\/www.egemtv.com\/index.php?rest_route=%2Fwp%2Fv2%2Fcomments&post=75730"}],"version-history":[{"count":1,"href":"https:\/\/www.egemtv.com\/index.php?rest_route=\/wp\/v2\/posts\/75730\/revisions"}],"predecessor-version":[{"id":75732,"href":"https:\/\/www.egemtv.com\/index.php?rest_route=\/wp\/v2\/posts\/75730\/revisions\/75732"}],"wp:featuredmedia":[{"embeddable":true,"href":"https:\/\/www.egemtv.com\/index.php?rest_route=\/wp\/v2\/media\/75731"}],"wp:attachment":[{"href":"https:\/\/www.egemtv.com\/index.php?rest_route=%2Fwp%2Fv2%2Fmedia&parent=75730"}],"wp:term":[{"taxonomy":"category","embeddable":true,"href":"https:\/\/www.egemtv.com\/index.php?rest_route=%2Fwp%2Fv2%2Fcategories&post=75730"},{"taxonomy":"post_tag","embeddable":true,"href":"https:\/\/www.egemtv.com\/index.php?rest_route=%2Fwp%2Fv2%2Ftags&post=75730"}],"curies":[{"name":"wp","href":"https:\/\/api.w.org\/{rel}","templated":true}]}}