{"id":75727,"date":"2025-12-22T11:34:55","date_gmt":"2025-12-22T08:34:55","guid":{"rendered":"https:\/\/www.egemtv.com\/?p=75727"},"modified":"2025-12-22T11:34:55","modified_gmt":"2025-12-22T08:34:55","slug":"alkollu-travesti-basiyla-vurdugu-is-yeri-vitrin-camini-kirdi","status":"publish","type":"post","link":"https:\/\/www.egemtv.com\/?p=75727","title":{"rendered":"Alkoll\u00fc travesti, ba\u015f\u0131yla vurdu\u011fu i\u015f yeri vitrin cam\u0131n\u0131 k\u0131rd\u0131"},"content":{"rendered":"<p>\u0130zmir\u2019in Konak il\u00e7esinde alkoll\u00fc oldu\u011fu \u00f6ne s\u00fcr\u00fclen bir travesti, y\u00fcr\u00fcd\u00fc\u011f\u00fc esnada bir i\u015f yerinin vitrin cam\u0131na kafas\u0131yla vurarak k\u0131rd\u0131. O anlar g\u00fcvenlik kameralar\u0131na yans\u0131rken, \u015fahs\u0131n ertesi g\u00fcn d\u00fckkana gelerek i\u015f yeri sahibinden \u00f6z\u00fcr diledi\u011fi \u00f6\u011frenildi.<br \/>\n<br \/>Olay, 20 Aral\u0131k\u2019\u0131 21 Aral\u0131k\u2019a ba\u011flayan gece saatlerinde \u015eair E\u015fref Bulvar\u0131 \u00fczerinde meydana geldi. Edinilen bilgiye g\u00f6re, kald\u0131r\u0131mda arkada\u015flar\u0131yla birlikte y\u00fcr\u00fcyen ve alkoll\u00fc oldu\u011fu \u00f6\u011frenilen bir travesti, bir anda durarak ba\u015f\u0131n\u0131 bir i\u015f yerinin vitrin cam\u0131na vurmaya ba\u015flad\u0131. G\u00fcvenlik kameralar\u0131 taraf\u0131ndan saniye saniye kaydedilen g\u00f6r\u00fcnt\u00fclerde; \u015fahs\u0131n ba\u015f\u0131n\u0131n arka k\u0131sm\u0131yla cam vitrine 2-3 kez sert darbeler vurdu\u011fu g\u00f6r\u00fcld\u00fc. Darbelerin etkisiyle i\u015f yerinin cam\u0131 k\u0131r\u0131ld\u0131. Olay\u0131n ard\u0131ndan ba\u015f\u0131n\u0131 tutarak ac\u0131 \u00e7ekti\u011fi g\u00f6r\u00fclen \u015fah\u0131s, yan\u0131ndaki ki\u015filerle birlikte hi\u00e7bir \u015fey olmam\u0131\u015f gibi yoluna devam etti.<br \/>\n<br \/>Sabah i\u015f yerine geldi\u011finde camlar\u0131n k\u0131r\u0131k oldu\u011funu g\u00f6ren i\u015f yeri sahibi, g\u00fcvenlik kameralar\u0131n\u0131 inceledi. G\u00f6r\u00fcnt\u00fclerde cam\u0131n bir ki\u015finin kafa darbeleriyle k\u0131r\u0131ld\u0131\u011f\u0131n\u0131 g\u00f6ren i\u015f yeri sahibi b\u00fcy\u00fck \u015fa\u015fk\u0131nl\u0131k ya\u015fad\u0131.<\/p>\n<p>Ertesi g\u00fcn gelip \u00f6z\u00fcr diledi<br \/>\n<br \/>\u0130\u015f yerinin cam\u0131n\u0131 k\u0131ran \u015fahs\u0131n, ertesi g\u00fcn d\u00fckkana gelerek yapt\u0131\u011f\u0131 hareketten dolay\u0131 pi\u015fman oldu\u011funu belirtti\u011fi ve esnaftan \u00f6z\u00fcr diledi\u011fi \u00f6\u011frenildi. Ya\u015fanan bu trajikomik olaydan geriye ise g\u00fcvenlik kameralar\u0131na yans\u0131yan o anlar kald\u0131.<br \/><\/p>\n","protected":false},"excerpt":{"rendered":"<p>\u0130zmir\u2019in Konak il\u00e7esinde alkoll\u00fc oldu\u011fu \u00f6ne s\u00fcr\u00fclen bir travesti, y\u00fcr\u00fcd\u00fc\u011f\u00fc esnada bir i\u015f yerinin vitrin cam\u0131na kafas\u0131yla vurarak k\u0131rd\u0131. O anlar g\u00fcvenlik kameralar\u0131na yans\u0131rken, \u015fahs\u0131n ertesi g\u00fcn d\u00fckkana gelerek i\u015f yeri sahibinden \u00f6z\u00fcr diledi\u011fi \u00f6\u011frenildi. Olay, 20 Aral\u0131k\u2019\u0131 21 Aral\u0131k\u2019a ba\u011flayan gece saatlerinde \u015eair E\u015fref Bulvar\u0131 \u00fczerinde meydana geldi. Edinilen bilgiye g\u00f6re, kald\u0131r\u0131mda arkada\u015flar\u0131yla birlikte&#8230;<\/p>\n","protected":false},"author":1,"featured_media":75728,"comment_status":"open","ping_status":"open","sticky":false,"template":"","format":"standard","meta":{"_crdt_document":"","footnotes":""},"categories":[5],"tags":[],"class_list":["post-75727","post","type-post","status-publish","format-standard","has-post-thumbnail","hentry","category-asayis"],"_links":{"self":[{"href":"https:\/\/www.egemtv.com\/index.php?rest_route=\/wp\/v2\/posts\/75727","targetHints":{"allow":["GET"]}}],"collection":[{"href":"https:\/\/www.egemtv.com\/index.php?rest_route=\/wp\/v2\/posts"}],"about":[{"href":"https:\/\/www.egemtv.com\/index.php?rest_route=\/wp\/v2\/types\/post"}],"author":[{"embeddable":true,"href":"https:\/\/www.egemtv.com\/index.php?rest_route=\/wp\/v2\/users\/1"}],"replies":[{"embeddable":true,"href":"https:\/\/www.egemtv.com\/index.php?rest_route=%2Fwp%2Fv2%2Fcomments&post=75727"}],"version-history":[{"count":1,"href":"https:\/\/www.egemtv.com\/index.php?rest_route=\/wp\/v2\/posts\/75727\/revisions"}],"predecessor-version":[{"id":75729,"href":"https:\/\/www.egemtv.com\/index.php?rest_route=\/wp\/v2\/posts\/75727\/revisions\/75729"}],"wp:featuredmedia":[{"embeddable":true,"href":"https:\/\/www.egemtv.com\/index.php?rest_route=\/wp\/v2\/media\/75728"}],"wp:attachment":[{"href":"https:\/\/www.egemtv.com\/index.php?rest_route=%2Fwp%2Fv2%2Fmedia&parent=75727"}],"wp:term":[{"taxonomy":"category","embeddable":true,"href":"https:\/\/www.egemtv.com\/index.php?rest_route=%2Fwp%2Fv2%2Fcategories&post=75727"},{"taxonomy":"post_tag","embeddable":true,"href":"https:\/\/www.egemtv.com\/index.php?rest_route=%2Fwp%2Fv2%2Ftags&post=75727"}],"curies":[{"name":"wp","href":"https:\/\/api.w.org\/{rel}","templated":true}]}}