{"id":75724,"date":"2025-12-22T11:15:08","date_gmt":"2025-12-22T08:15:08","guid":{"rendered":"https:\/\/www.egemtv.com\/?p=75724"},"modified":"2025-12-22T11:15:09","modified_gmt":"2025-12-22T08:15:09","slug":"aydin-sehir-hastanesi-hastalara-hizmet-vermeye-basladi","status":"publish","type":"post","link":"https:\/\/www.egemtv.com\/?p=75724","title":{"rendered":"Ayd\u0131n \u015eehir Hastanesi hastalara hizmet vermeye ba\u015flad\u0131"},"content":{"rendered":"<p>Ayd\u0131n\u2019\u0131n Efeler il\u00e7esinde yap\u0131m\u0131 tamamlanan ve ayda ortalama 450 bin hastaya hizmet vermesi planlanan Ayd\u0131n \u015eehir Hastanesi, bug\u00fcn itibariyle hasta kabul\u00fcne ba\u015flad\u0131.<\/p>\n<p>T\u00fcrkiye\u2019nin 21\u2019inci \u015eehir Hastanesi olma \u00f6zelli\u011fini ta\u015f\u0131yan ve sa\u011fl\u0131k hizmetlerinin daha nitelikli sunulmas\u0131 amac\u0131yla in\u015fa edilen Ayd\u0131n \u015eehir Hastanesi\u2019nde \u00e7al\u0131\u015fmalar tamamlan\u0131rken, Ayd\u0131n ve Ege B\u00f6lgesi\u2019nin uluslararas\u0131 kalitede bir sa\u011fl\u0131k kamp\u00fcs\u00fc haline gelmesi hedefleniyor. Ayd\u0131n \u0130l Sa\u011fl\u0131k M\u00fcd\u00fcrl\u00fc\u011f\u00fc\u2019n\u00fcn daha \u00f6nce duyurdu\u011fu takvim do\u011frultusunda ta\u015f\u0131nma s\u00fcreci tamamlanan birimler bug\u00fcn itibariyle hizmete girdi. Fizik Tedavi \u00dcnitesi, Fizik Tedavi Poliklinikleri ve Fizik Tedavi Yatakl\u0131 Servisi hasta al\u0131m\u0131na ba\u015flad\u0131. \u0130lk hastalar karanfil ve \u00e7ikolata ile kar\u015f\u0131land\u0131. Ayd\u0131n \u0130l Sa\u011fl\u0131k M\u00fcd\u00fcr\u00fc Dr. Eser \u015eenkul, tedavi olmaya gelen hastalarla sohbet edip \u00e7i\u00e7ek ve \u00e7e\u015fitli hediyeler takdim etti.<\/p>\n<p>Di\u011fer b\u00f6l\u00fcmlerdeki ta\u015f\u0131nma s\u00fcreci ise devam ederken, Ayd\u0131n \u015eehir Hastanesi\u2019nin k\u0131sa s\u00fcre i\u00e7erisinde t\u00fcm birimleriyle tam kapasite hizmet vermesi bekleniyor.<br \/><\/p>\n","protected":false},"excerpt":{"rendered":"<p>Ayd\u0131n\u2019\u0131n Efeler il\u00e7esinde yap\u0131m\u0131 tamamlanan ve ayda ortalama 450 bin hastaya hizmet vermesi planlanan Ayd\u0131n \u015eehir Hastanesi, bug\u00fcn itibariyle hasta kabul\u00fcne ba\u015flad\u0131. T\u00fcrkiye\u2019nin 21\u2019inci \u015eehir Hastanesi olma \u00f6zelli\u011fini ta\u015f\u0131yan ve sa\u011fl\u0131k hizmetlerinin daha nitelikli sunulmas\u0131 amac\u0131yla in\u015fa edilen Ayd\u0131n \u015eehir Hastanesi\u2019nde \u00e7al\u0131\u015fmalar tamamlan\u0131rken, Ayd\u0131n ve Ege B\u00f6lgesi\u2019nin uluslararas\u0131 kalitede bir sa\u011fl\u0131k kamp\u00fcs\u00fc haline gelmesi hedefleniyor&#8230;.<\/p>\n","protected":false},"author":1,"featured_media":75725,"comment_status":"open","ping_status":"open","sticky":false,"template":"","format":"standard","meta":{"_crdt_document":"","footnotes":""},"categories":[2],"tags":[],"class_list":["post-75724","post","type-post","status-publish","format-standard","has-post-thumbnail","hentry","category-saglik"],"_links":{"self":[{"href":"https:\/\/www.egemtv.com\/index.php?rest_route=\/wp\/v2\/posts\/75724","targetHints":{"allow":["GET"]}}],"collection":[{"href":"https:\/\/www.egemtv.com\/index.php?rest_route=\/wp\/v2\/posts"}],"about":[{"href":"https:\/\/www.egemtv.com\/index.php?rest_route=\/wp\/v2\/types\/post"}],"author":[{"embeddable":true,"href":"https:\/\/www.egemtv.com\/index.php?rest_route=\/wp\/v2\/users\/1"}],"replies":[{"embeddable":true,"href":"https:\/\/www.egemtv.com\/index.php?rest_route=%2Fwp%2Fv2%2Fcomments&post=75724"}],"version-history":[{"count":1,"href":"https:\/\/www.egemtv.com\/index.php?rest_route=\/wp\/v2\/posts\/75724\/revisions"}],"predecessor-version":[{"id":75726,"href":"https:\/\/www.egemtv.com\/index.php?rest_route=\/wp\/v2\/posts\/75724\/revisions\/75726"}],"wp:featuredmedia":[{"embeddable":true,"href":"https:\/\/www.egemtv.com\/index.php?rest_route=\/wp\/v2\/media\/75725"}],"wp:attachment":[{"href":"https:\/\/www.egemtv.com\/index.php?rest_route=%2Fwp%2Fv2%2Fmedia&parent=75724"}],"wp:term":[{"taxonomy":"category","embeddable":true,"href":"https:\/\/www.egemtv.com\/index.php?rest_route=%2Fwp%2Fv2%2Fcategories&post=75724"},{"taxonomy":"post_tag","embeddable":true,"href":"https:\/\/www.egemtv.com\/index.php?rest_route=%2Fwp%2Fv2%2Ftags&post=75724"}],"curies":[{"name":"wp","href":"https:\/\/api.w.org\/{rel}","templated":true}]}}