{"id":75721,"date":"2025-12-22T11:15:07","date_gmt":"2025-12-22T08:15:07","guid":{"rendered":"https:\/\/www.egemtv.com\/?p=75721"},"modified":"2025-12-22T11:15:08","modified_gmt":"2025-12-22T08:15:08","slug":"altay-devreyi-galibiyetlerle-tamamladi","status":"publish","type":"post","link":"https:\/\/www.egemtv.com\/?p=75721","title":{"rendered":"Altay, devreyi galibiyetlerle tamamlad\u0131"},"content":{"rendered":"<p>Altay, ligin ilk devresinin son 4 ma\u00e7\u0131nda \u00fcst \u00fcste ald\u0131\u011f\u0131 4 galibiyetle \u00f6nemli bir \u00e7\u0131k\u0131\u015f yakalarken, bu seri sayesinde d\u00fc\u015fme hatt\u0131yla aras\u0131ndaki puan fark\u0131n\u0131 8\u2019e \u00e7\u0131kard\u0131.<br \/>\n<br \/>TFF 3. Lig 4. Grup\u2019ta m\u00fccadele eden Altay, devre aras\u0131na moralli girdi. Sezonun ilk 6 haftas\u0131nda galibiyet alamayan siyah-beyazl\u0131 ekip, bu s\u00fcre\u00e7te teknik direkt\u00f6r de\u011fi\u015fikli\u011fine giderek Ramazan Kur\u015funlu\u2019nun yerine Yusuf \u015eim\u015fek\u2019i g\u00f6reve getirdi. Altay, \u015eim\u015fek y\u00f6netiminde 7. haftada Tire 2021 FK\u2019y\u0131 ma\u011flup ederek sezonun ilk galibiyetini ald\u0131.<br \/>\n<br \/>Bu kar\u015f\u0131la\u015fman\u0131n ard\u0131ndan yeniden d\u00fc\u015f\u00fc\u015f ya\u015fayan \u0130zmir temsilcisi, 4 ma\u00e7l\u0131k bir kazanamama serisi ya\u015fasa da sezonun ilk devresinin son b\u00f6l\u00fcm\u00fcnde toparlanmay\u0131 ba\u015fard\u0131. Siyah-beyazl\u0131lar, son 4 haftada \u00fcst \u00fcste 4 galibiyet alarak \u00f6nemli bir \u00e7\u0131k\u0131\u015f yakalad\u0131. Puan\u0131n\u0131 18\u2019e y\u00fckselten Altay, 10. s\u0131raya yerle\u015firken d\u00fc\u015fme hatt\u0131yla aras\u0131ndaki fark\u0131 8 puana \u00e7\u0131kararak tehlikeli b\u00f6lgeden uzak bir \u015fekilde devre aras\u0131na girdi.<\/p>\n<p>Son 4 ma\u00e7ta gol yemedi<br \/>\n<br \/>Ligin ilk devresinde etkili bir performans sergileyen Altay, son 4 ma\u00e7\u0131n\u0131 da kazan\u0131rken bu kar\u015f\u0131la\u015fmalarda kalesini gole kapatmay\u0131 ba\u015fard\u0131. \u0130zmir temsilcisi, bu s\u00fcre\u00e7te Eski\u015fehir Anadolu\u2019yu 2-0 ma\u011flup ederken, \u00c7oruhlu FK ve Afyonspor\u2019u 1-0\u2019l\u0131k skorlarla ge\u00e7ti. Siyah-beyazl\u0131 ekip, Nazilli Belediyespor kar\u015f\u0131s\u0131nda ise sahadan 3-0\u2019l\u0131k galibiyetle ayr\u0131ld\u0131. B\u00f6ylece Yusuf \u015eim\u015fek y\u00f6netimindeki Altay, hem 4 ma\u00e7l\u0131k galibiyet serisi yakalad\u0131 hem de bu ma\u00e7lar\u0131n tamam\u0131nda gol yemeden \u00f6nemli bir ba\u015far\u0131ya imza att\u0131.<br \/><\/p>\n","protected":false},"excerpt":{"rendered":"<p>Altay, ligin ilk devresinin son 4 ma\u00e7\u0131nda \u00fcst \u00fcste ald\u0131\u011f\u0131 4 galibiyetle \u00f6nemli bir \u00e7\u0131k\u0131\u015f yakalarken, bu seri sayesinde d\u00fc\u015fme hatt\u0131yla aras\u0131ndaki puan fark\u0131n\u0131 8\u2019e \u00e7\u0131kard\u0131. TFF 3. Lig 4. Grup\u2019ta m\u00fccadele eden Altay, devre aras\u0131na moralli girdi. Sezonun ilk 6 haftas\u0131nda galibiyet alamayan siyah-beyazl\u0131 ekip, bu s\u00fcre\u00e7te teknik direkt\u00f6r de\u011fi\u015fikli\u011fine giderek Ramazan Kur\u015funlu\u2019nun yerine&#8230;<\/p>\n","protected":false},"author":1,"featured_media":75722,"comment_status":"open","ping_status":"open","sticky":false,"template":"","format":"standard","meta":{"_crdt_document":"","footnotes":""},"categories":[4],"tags":[],"class_list":["post-75721","post","type-post","status-publish","format-standard","has-post-thumbnail","hentry","category-spor"],"_links":{"self":[{"href":"https:\/\/www.egemtv.com\/index.php?rest_route=\/wp\/v2\/posts\/75721","targetHints":{"allow":["GET"]}}],"collection":[{"href":"https:\/\/www.egemtv.com\/index.php?rest_route=\/wp\/v2\/posts"}],"about":[{"href":"https:\/\/www.egemtv.com\/index.php?rest_route=\/wp\/v2\/types\/post"}],"author":[{"embeddable":true,"href":"https:\/\/www.egemtv.com\/index.php?rest_route=\/wp\/v2\/users\/1"}],"replies":[{"embeddable":true,"href":"https:\/\/www.egemtv.com\/index.php?rest_route=%2Fwp%2Fv2%2Fcomments&post=75721"}],"version-history":[{"count":1,"href":"https:\/\/www.egemtv.com\/index.php?rest_route=\/wp\/v2\/posts\/75721\/revisions"}],"predecessor-version":[{"id":75723,"href":"https:\/\/www.egemtv.com\/index.php?rest_route=\/wp\/v2\/posts\/75721\/revisions\/75723"}],"wp:featuredmedia":[{"embeddable":true,"href":"https:\/\/www.egemtv.com\/index.php?rest_route=\/wp\/v2\/media\/75722"}],"wp:attachment":[{"href":"https:\/\/www.egemtv.com\/index.php?rest_route=%2Fwp%2Fv2%2Fmedia&parent=75721"}],"wp:term":[{"taxonomy":"category","embeddable":true,"href":"https:\/\/www.egemtv.com\/index.php?rest_route=%2Fwp%2Fv2%2Fcategories&post=75721"},{"taxonomy":"post_tag","embeddable":true,"href":"https:\/\/www.egemtv.com\/index.php?rest_route=%2Fwp%2Fv2%2Ftags&post=75721"}],"curies":[{"name":"wp","href":"https:\/\/api.w.org\/{rel}","templated":true}]}}