{"id":75487,"date":"2025-12-20T18:15:14","date_gmt":"2025-12-20T15:15:14","guid":{"rendered":"https:\/\/www.egemtv.com\/?p=75487"},"modified":"2025-12-20T18:15:15","modified_gmt":"2025-12-20T15:15:15","slug":"kutahyada-salvar-gecesiyle-gelenekler-yasatildi","status":"publish","type":"post","link":"https:\/\/www.egemtv.com\/?p=75487","title":{"rendered":"K\u00fctahya\u2019da \u2019\u015ealvar Gecesi\u2019yle gelenekler ya\u015fat\u0131ld\u0131"},"content":{"rendered":"<p>K\u00fctahya\u2019da Y\u00fcksek Kahve Dostlar Kona\u011f\u0131\u2019nda, kentin geleneksel \u00f6rf ve adetlerine sahip \u00e7\u0131kmak amac\u0131yla &#8220;\u015ealvar Gecesi&#8221; d\u00fczenlendi. Geceye kat\u0131lan han\u0131mlar, y\u00f6resel \u015falvarlar\u0131n\u0131 giyerek K\u00fctahya\u2019ya \u00f6zg\u00fc gezek ve m\u00fcbareke k\u00fclt\u00fcr\u00fcn\u00fc canland\u0131rd\u0131.<br \/>\n<br \/>Etkinlikte konu\u015fan kat\u0131l\u0131mc\u0131lar, ama\u00e7lar\u0131n\u0131n K\u00fctahya\u2019n\u0131n k\u00f6kl\u00fc geleneklerini unutturmamak ve bu de\u011ferleri gelecek nesillere aktarmak oldu\u011funu ifade etti. Samimi bir atmosferde ge\u00e7en gecede, ge\u00e7mi\u015ften g\u00fcn\u00fcm\u00fcze uzanan k\u00fclt\u00fcrel miras yeniden hayat buldu.<br \/>\n<br \/>\u015ealvar Gecesi, emekli \u00f6\u011fretmen Ay\u015fe G\u00fcltekin\u2019in \u00f6nderli\u011finde, Ayg\u00fcl Gezer, Ay\u015fe Ka\u00e7an, Z\u00fcbeyde \u00c7\u0131\u011fc\u0131 ve M\u00fcjgan G\u00fcltekin taraf\u0131ndan organize edildi. Kat\u0131l\u0131mc\u0131lar, bu t\u00fcr etkinliklerin artarak devam etmesi temennisinde bulundu.<br \/><\/p>\n","protected":false},"excerpt":{"rendered":"<p>K\u00fctahya\u2019da Y\u00fcksek Kahve Dostlar Kona\u011f\u0131\u2019nda, kentin geleneksel \u00f6rf ve adetlerine sahip \u00e7\u0131kmak amac\u0131yla &#8220;\u015ealvar Gecesi&#8221; d\u00fczenlendi. Geceye kat\u0131lan han\u0131mlar, y\u00f6resel \u015falvarlar\u0131n\u0131 giyerek K\u00fctahya\u2019ya \u00f6zg\u00fc gezek ve m\u00fcbareke k\u00fclt\u00fcr\u00fcn\u00fc canland\u0131rd\u0131. Etkinlikte konu\u015fan kat\u0131l\u0131mc\u0131lar, ama\u00e7lar\u0131n\u0131n K\u00fctahya\u2019n\u0131n k\u00f6kl\u00fc geleneklerini unutturmamak ve bu de\u011ferleri gelecek nesillere aktarmak oldu\u011funu ifade etti. Samimi bir atmosferde ge\u00e7en gecede, ge\u00e7mi\u015ften g\u00fcn\u00fcm\u00fcze uzanan k\u00fclt\u00fcrel&#8230;<\/p>\n","protected":false},"author":1,"featured_media":75488,"comment_status":"open","ping_status":"open","sticky":false,"template":"","format":"standard","meta":{"_crdt_document":"","footnotes":""},"categories":[1],"tags":[],"class_list":["post-75487","post","type-post","status-publish","format-standard","has-post-thumbnail","hentry","category-guncel"],"_links":{"self":[{"href":"https:\/\/www.egemtv.com\/index.php?rest_route=\/wp\/v2\/posts\/75487","targetHints":{"allow":["GET"]}}],"collection":[{"href":"https:\/\/www.egemtv.com\/index.php?rest_route=\/wp\/v2\/posts"}],"about":[{"href":"https:\/\/www.egemtv.com\/index.php?rest_route=\/wp\/v2\/types\/post"}],"author":[{"embeddable":true,"href":"https:\/\/www.egemtv.com\/index.php?rest_route=\/wp\/v2\/users\/1"}],"replies":[{"embeddable":true,"href":"https:\/\/www.egemtv.com\/index.php?rest_route=%2Fwp%2Fv2%2Fcomments&post=75487"}],"version-history":[{"count":1,"href":"https:\/\/www.egemtv.com\/index.php?rest_route=\/wp\/v2\/posts\/75487\/revisions"}],"predecessor-version":[{"id":75489,"href":"https:\/\/www.egemtv.com\/index.php?rest_route=\/wp\/v2\/posts\/75487\/revisions\/75489"}],"wp:featuredmedia":[{"embeddable":true,"href":"https:\/\/www.egemtv.com\/index.php?rest_route=\/wp\/v2\/media\/75488"}],"wp:attachment":[{"href":"https:\/\/www.egemtv.com\/index.php?rest_route=%2Fwp%2Fv2%2Fmedia&parent=75487"}],"wp:term":[{"taxonomy":"category","embeddable":true,"href":"https:\/\/www.egemtv.com\/index.php?rest_route=%2Fwp%2Fv2%2Fcategories&post=75487"},{"taxonomy":"post_tag","embeddable":true,"href":"https:\/\/www.egemtv.com\/index.php?rest_route=%2Fwp%2Fv2%2Ftags&post=75487"}],"curies":[{"name":"wp","href":"https:\/\/api.w.org\/{rel}","templated":true}]}}