{"id":75484,"date":"2025-12-20T17:34:50","date_gmt":"2025-12-20T14:34:50","guid":{"rendered":"https:\/\/www.egemtv.com\/?p=75484"},"modified":"2025-12-20T17:34:51","modified_gmt":"2025-12-20T14:34:51","slug":"sehir-hastanesi-hizmet-vermeye-basliyor","status":"publish","type":"post","link":"https:\/\/www.egemtv.com\/?p=75484","title":{"rendered":"\u015eehir Hastanesi hizmet vermeye ba\u015fl\u0131yor"},"content":{"rendered":"<p>Ayd\u0131n\u2019\u0131n Efeler il\u00e7esinde yap\u0131m\u0131 tamamlanan ve ayda ortalama 450 bin hastaya hizmet verecek Ayd\u0131n \u015eehir Hastanesi, 22 Aral\u0131k Pazartesi g\u00fcn\u00fc hizmet vermeye ba\u015flayacak.<\/p>\n<p>T\u00fcrkiye\u2019nin 21. \u015eehir Hastanesi Ayd\u0131n\u2019da y\u00fckselmeye devam ederken, sa\u011fl\u0131k hizmetlerinin daha nitelikli sunulmas\u0131 amac\u0131yla merkez il\u00e7e Efeler\u2019de in\u015faat\u0131na ba\u015flanan hastanede sona gelindi. Ayd\u0131n ve Ege B\u00f6lgesi\u2019nin uluslararas\u0131 kalitede bir sa\u011fl\u0131k kamp\u00fcs\u00fc haline gelmesi beklenen \u015eehir Hastanesi\u2019nde \u00e7al\u0131\u015fmalar 24 saat esas\u0131na g\u00f6re t\u00fcm h\u0131z\u0131yla devam ederken Ayd\u0131n \u0130l Sa\u011fl\u0131k M\u00fcd\u00fcrl\u00fc\u011f\u00fc hastanenin 22 Aral\u0131k Pazartesi g\u00fcn\u00fc itibariyle hizmet vermeye ba\u015flayaca\u011f\u0131n\u0131 duyurdu. Ta\u015f\u0131nma s\u00fcrecinin tamamlanmas\u0131n\u0131n ard\u0131ndan 22 Aral\u0131k itibariyle hastanede Fizik Tedavi \u00dcnitesi, Fizik Tedavi Poliklinikleri ve Fizik Tedavi Yatakl\u0131 Servisi hasta al\u0131mlar\u0131na ba\u015flayacak. Di\u011fer b\u00f6l\u00fcmlerin de ta\u015f\u0131nma s\u00fcre\u00e7leri devam ederken, \u015eehir Hastanesi\u2019nin k\u0131sa s\u00fcre i\u00e7erisinde tam kapasite olarak hizmet vermesi bekleniyor.<\/p>\n<p>Ayd\u0131n \u0130l Sa\u011fl\u0131k M\u00fcd\u00fcrl\u00fc\u011f\u00fc\u2019nden yap\u0131lan a\u00e7\u0131klamada &#8220;Ayd\u0131n \u015eehir Hastanesi, Fizik Tedavi \u00dcnitesi, Fizik Tedavi Poliklinikleri ve Fizik Tedavi Yatakl\u0131 Servisi 22 Aral\u0131k 2025 Pazartesi g\u00fcn\u00fc vatanda\u015flar\u0131m\u0131za hizmet vermeye ba\u015flayacakt\u0131r. Ayd\u0131n\u2019\u0131m\u0131za hay\u0131rl\u0131 olsun&#8221; ifadeleri yer ald\u0131.<br \/><\/p>\n","protected":false},"excerpt":{"rendered":"<p>Ayd\u0131n\u2019\u0131n Efeler il\u00e7esinde yap\u0131m\u0131 tamamlanan ve ayda ortalama 450 bin hastaya hizmet verecek Ayd\u0131n \u015eehir Hastanesi, 22 Aral\u0131k Pazartesi g\u00fcn\u00fc hizmet vermeye ba\u015flayacak. T\u00fcrkiye\u2019nin 21. \u015eehir Hastanesi Ayd\u0131n\u2019da y\u00fckselmeye devam ederken, sa\u011fl\u0131k hizmetlerinin daha nitelikli sunulmas\u0131 amac\u0131yla merkez il\u00e7e Efeler\u2019de in\u015faat\u0131na ba\u015flanan hastanede sona gelindi. Ayd\u0131n ve Ege B\u00f6lgesi\u2019nin uluslararas\u0131 kalitede bir sa\u011fl\u0131k kamp\u00fcs\u00fc haline&#8230;<\/p>\n","protected":false},"author":1,"featured_media":75485,"comment_status":"open","ping_status":"open","sticky":false,"template":"","format":"standard","meta":{"_crdt_document":"","footnotes":""},"categories":[2],"tags":[],"class_list":["post-75484","post","type-post","status-publish","format-standard","has-post-thumbnail","hentry","category-saglik"],"_links":{"self":[{"href":"https:\/\/www.egemtv.com\/index.php?rest_route=\/wp\/v2\/posts\/75484","targetHints":{"allow":["GET"]}}],"collection":[{"href":"https:\/\/www.egemtv.com\/index.php?rest_route=\/wp\/v2\/posts"}],"about":[{"href":"https:\/\/www.egemtv.com\/index.php?rest_route=\/wp\/v2\/types\/post"}],"author":[{"embeddable":true,"href":"https:\/\/www.egemtv.com\/index.php?rest_route=\/wp\/v2\/users\/1"}],"replies":[{"embeddable":true,"href":"https:\/\/www.egemtv.com\/index.php?rest_route=%2Fwp%2Fv2%2Fcomments&post=75484"}],"version-history":[{"count":1,"href":"https:\/\/www.egemtv.com\/index.php?rest_route=\/wp\/v2\/posts\/75484\/revisions"}],"predecessor-version":[{"id":75486,"href":"https:\/\/www.egemtv.com\/index.php?rest_route=\/wp\/v2\/posts\/75484\/revisions\/75486"}],"wp:featuredmedia":[{"embeddable":true,"href":"https:\/\/www.egemtv.com\/index.php?rest_route=\/wp\/v2\/media\/75485"}],"wp:attachment":[{"href":"https:\/\/www.egemtv.com\/index.php?rest_route=%2Fwp%2Fv2%2Fmedia&parent=75484"}],"wp:term":[{"taxonomy":"category","embeddable":true,"href":"https:\/\/www.egemtv.com\/index.php?rest_route=%2Fwp%2Fv2%2Fcategories&post=75484"},{"taxonomy":"post_tag","embeddable":true,"href":"https:\/\/www.egemtv.com\/index.php?rest_route=%2Fwp%2Fv2%2Ftags&post=75484"}],"curies":[{"name":"wp","href":"https:\/\/api.w.org\/{rel}","templated":true}]}}