{"id":75481,"date":"2025-12-20T17:14:49","date_gmt":"2025-12-20T14:14:49","guid":{"rendered":"https:\/\/www.egemtv.com\/?p=75481"},"modified":"2025-12-20T17:14:50","modified_gmt":"2025-12-20T14:14:50","slug":"yer-altinin-gizemli-canlisi-manisada-ortaya-cikti","status":"publish","type":"post","link":"https:\/\/www.egemtv.com\/?p=75481","title":{"rendered":"Yer alt\u0131n\u0131n gizemli canl\u0131s\u0131 Manisa\u2019da ortaya \u00e7\u0131kt\u0131"},"content":{"rendered":"<p>Manisa\u2019n\u0131n Salihli il\u00e7esinde nadir rastlanan yer alt\u0131 canl\u0131lar\u0131ndan biri olan k\u00f6stebek, cep telefonu kameras\u0131yla g\u00f6r\u00fcnt\u00fclendi. Salihli\u2019nin k\u0131rsal Poyraz Mahallesi\u2019nde ortaya \u00e7\u0131kan k\u00f6stebek, bir avc\u0131 taraf\u0131ndan saniye saniye kayda al\u0131nd\u0131.<br \/>\n<br \/>Ad\u0131 s\u0131k\u00e7a duyulmas\u0131na ra\u011fmen do\u011fada g\u00f6r\u00fclmesi olduk\u00e7a zor olan k\u00f6stebek, Poyraz Mahallesi\u2019nde avc\u0131 Y\u00fcksel Girgin taraf\u0131ndan fark edildi. Girgin\u2019in cep telefonu kameras\u0131yla kaydetti\u011fi g\u00f6r\u00fcnt\u00fclerde, k\u00f6stebe\u011fin yuva yapmak amac\u0131yla topra\u011f\u0131 kazd\u0131\u011f\u0131 anlar yer ald\u0131.<br \/>\n<br \/>K\u0131sa s\u00fcrede ilgi \u00e7eken g\u00f6r\u00fcnt\u00fcler, b\u00f6lgedeki do\u011fal ya\u015fam\u0131n zenginli\u011fini bir kez daha g\u00f6zler \u00f6n\u00fcne serdi. Uzmanlar, k\u00f6stebeklerin ya\u015famlar\u0131n\u0131n b\u00fcy\u00fck b\u00f6l\u00fcm\u00fcn\u00fc yer alt\u0131nda s\u00fcrd\u00fcrmesi nedeniyle bu t\u00fcr g\u00f6r\u00fcnt\u00fclerin nadir oldu\u011funu belirterek, k\u00f6stebe\u011fin ekosistemin \u00f6nemli bir par\u00e7as\u0131 oldu\u011funa dikkat \u00e7ekti.<br \/><\/p>\n","protected":false},"excerpt":{"rendered":"<p>Manisa\u2019n\u0131n Salihli il\u00e7esinde nadir rastlanan yer alt\u0131 canl\u0131lar\u0131ndan biri olan k\u00f6stebek, cep telefonu kameras\u0131yla g\u00f6r\u00fcnt\u00fclendi. Salihli\u2019nin k\u0131rsal Poyraz Mahallesi\u2019nde ortaya \u00e7\u0131kan k\u00f6stebek, bir avc\u0131 taraf\u0131ndan saniye saniye kayda al\u0131nd\u0131. Ad\u0131 s\u0131k\u00e7a duyulmas\u0131na ra\u011fmen do\u011fada g\u00f6r\u00fclmesi olduk\u00e7a zor olan k\u00f6stebek, Poyraz Mahallesi\u2019nde avc\u0131 Y\u00fcksel Girgin taraf\u0131ndan fark edildi. Girgin\u2019in cep telefonu kameras\u0131yla kaydetti\u011fi g\u00f6r\u00fcnt\u00fclerde, k\u00f6stebe\u011fin yuva&#8230;<\/p>\n","protected":false},"author":1,"featured_media":75482,"comment_status":"open","ping_status":"open","sticky":false,"template":"","format":"standard","meta":{"_crdt_document":"","footnotes":""},"categories":[1],"tags":[],"class_list":["post-75481","post","type-post","status-publish","format-standard","has-post-thumbnail","hentry","category-guncel"],"_links":{"self":[{"href":"https:\/\/www.egemtv.com\/index.php?rest_route=\/wp\/v2\/posts\/75481","targetHints":{"allow":["GET"]}}],"collection":[{"href":"https:\/\/www.egemtv.com\/index.php?rest_route=\/wp\/v2\/posts"}],"about":[{"href":"https:\/\/www.egemtv.com\/index.php?rest_route=\/wp\/v2\/types\/post"}],"author":[{"embeddable":true,"href":"https:\/\/www.egemtv.com\/index.php?rest_route=\/wp\/v2\/users\/1"}],"replies":[{"embeddable":true,"href":"https:\/\/www.egemtv.com\/index.php?rest_route=%2Fwp%2Fv2%2Fcomments&post=75481"}],"version-history":[{"count":1,"href":"https:\/\/www.egemtv.com\/index.php?rest_route=\/wp\/v2\/posts\/75481\/revisions"}],"predecessor-version":[{"id":75483,"href":"https:\/\/www.egemtv.com\/index.php?rest_route=\/wp\/v2\/posts\/75481\/revisions\/75483"}],"wp:featuredmedia":[{"embeddable":true,"href":"https:\/\/www.egemtv.com\/index.php?rest_route=\/wp\/v2\/media\/75482"}],"wp:attachment":[{"href":"https:\/\/www.egemtv.com\/index.php?rest_route=%2Fwp%2Fv2%2Fmedia&parent=75481"}],"wp:term":[{"taxonomy":"category","embeddable":true,"href":"https:\/\/www.egemtv.com\/index.php?rest_route=%2Fwp%2Fv2%2Fcategories&post=75481"},{"taxonomy":"post_tag","embeddable":true,"href":"https:\/\/www.egemtv.com\/index.php?rest_route=%2Fwp%2Fv2%2Ftags&post=75481"}],"curies":[{"name":"wp","href":"https:\/\/api.w.org\/{rel}","templated":true}]}}