{"id":75478,"date":"2025-12-20T17:14:48","date_gmt":"2025-12-20T14:14:48","guid":{"rendered":"https:\/\/www.egemtv.com\/?p=75478"},"modified":"2025-12-20T17:14:49","modified_gmt":"2025-12-20T14:14:49","slug":"demircide-birlik-ve-dayanisma-icin-def-i-bela-kurbani","status":"publish","type":"post","link":"https:\/\/www.egemtv.com\/?p=75478","title":{"rendered":"Demirci\u2019de birlik ve dayan\u0131\u015fma i\u00e7in def-i bela kurban\u0131"},"content":{"rendered":"<p>Manisa\u2019n\u0131n Demirci il\u00e7esinde, ya\u015fanan deprem ve do\u011fal afetlerden korunmak amac\u0131yla def-i bela kurban\u0131 kesilerek, vatanda\u015flara yemek ikram\u0131nda bulunuldu.<br \/>\n<br \/>Demirci\u2019de d\u00fczenlenen etkinlikte dualar e\u015fli\u011finde kesilen kurban\u0131n etleri, belediye ekipleri ve hay\u0131rseverler taraf\u0131ndan haz\u0131rlanarak kavurma ve pilav haline getirildi.<br \/>\n<br \/>Haz\u0131rlanan 8 kazan kavurma ve pilav, il\u00e7e pazaryerinde kurulan stantlarda yakla\u015f\u0131k 8 bin vatanda\u015fa da\u011f\u0131t\u0131ld\u0131.<br \/>\n<br \/>Vatanda\u015flar\u0131n yo\u011fun ilgi g\u00f6sterdi\u011fi etkinli\u011fe Demirci Belediye Ba\u015fkan\u0131 Erkan Kara ve Demirci Muhtarlar Derne\u011fi Ba\u015fkan\u0131 Fatma G\u00fcm\u00fc\u015f de kat\u0131larak, vatanda\u015flara pilav ve kavurma ikram etti.<br \/>\n<br \/>Belediye Ba\u015fkan\u0131 Erkan Kara, etkinli\u011fin ard\u0131ndan yapt\u0131\u011f\u0131 a\u00e7\u0131klamada, birlik ve beraberli\u011fin \u00f6nemine vurgu yaparak, &#8220;\u00dclkemizde ya\u015fanan deprem ve felaketler hepimizi derinden etkiledi. \u0130l\u00e7emizde dayan\u0131\u015fma ve payla\u015fma k\u00fclt\u00fcr\u00fcn\u00fc ya\u015fatmak, hem\u015fehrilerimizle ayn\u0131 sofrada bulu\u015fmak i\u00e7in bu etkinlik ger\u00e7ekle\u015ftirildi. Hay\u0131rseverlerimize te\u015fekk\u00fcr ediyorum. Rabbim il\u00e7emizi, \u00fclkemizi her t\u00fcrl\u00fc afet ve beladan korusun.&#8221; dedi.<br \/>\n<br \/>Etkinlik, edilen dualar\u0131n ard\u0131ndan sona erdi.<br \/><\/p>\n","protected":false},"excerpt":{"rendered":"<p>Manisa\u2019n\u0131n Demirci il\u00e7esinde, ya\u015fanan deprem ve do\u011fal afetlerden korunmak amac\u0131yla def-i bela kurban\u0131 kesilerek, vatanda\u015flara yemek ikram\u0131nda bulunuldu. Demirci\u2019de d\u00fczenlenen etkinlikte dualar e\u015fli\u011finde kesilen kurban\u0131n etleri, belediye ekipleri ve hay\u0131rseverler taraf\u0131ndan haz\u0131rlanarak kavurma ve pilav haline getirildi. Haz\u0131rlanan 8 kazan kavurma ve pilav, il\u00e7e pazaryerinde kurulan stantlarda yakla\u015f\u0131k 8 bin vatanda\u015fa da\u011f\u0131t\u0131ld\u0131. Vatanda\u015flar\u0131n yo\u011fun ilgi&#8230;<\/p>\n","protected":false},"author":1,"featured_media":75479,"comment_status":"open","ping_status":"open","sticky":false,"template":"","format":"standard","meta":{"_crdt_document":"","footnotes":""},"categories":[1],"tags":[],"class_list":["post-75478","post","type-post","status-publish","format-standard","has-post-thumbnail","hentry","category-guncel"],"_links":{"self":[{"href":"https:\/\/www.egemtv.com\/index.php?rest_route=\/wp\/v2\/posts\/75478","targetHints":{"allow":["GET"]}}],"collection":[{"href":"https:\/\/www.egemtv.com\/index.php?rest_route=\/wp\/v2\/posts"}],"about":[{"href":"https:\/\/www.egemtv.com\/index.php?rest_route=\/wp\/v2\/types\/post"}],"author":[{"embeddable":true,"href":"https:\/\/www.egemtv.com\/index.php?rest_route=\/wp\/v2\/users\/1"}],"replies":[{"embeddable":true,"href":"https:\/\/www.egemtv.com\/index.php?rest_route=%2Fwp%2Fv2%2Fcomments&post=75478"}],"version-history":[{"count":1,"href":"https:\/\/www.egemtv.com\/index.php?rest_route=\/wp\/v2\/posts\/75478\/revisions"}],"predecessor-version":[{"id":75480,"href":"https:\/\/www.egemtv.com\/index.php?rest_route=\/wp\/v2\/posts\/75478\/revisions\/75480"}],"wp:featuredmedia":[{"embeddable":true,"href":"https:\/\/www.egemtv.com\/index.php?rest_route=\/wp\/v2\/media\/75479"}],"wp:attachment":[{"href":"https:\/\/www.egemtv.com\/index.php?rest_route=%2Fwp%2Fv2%2Fmedia&parent=75478"}],"wp:term":[{"taxonomy":"category","embeddable":true,"href":"https:\/\/www.egemtv.com\/index.php?rest_route=%2Fwp%2Fv2%2Fcategories&post=75478"},{"taxonomy":"post_tag","embeddable":true,"href":"https:\/\/www.egemtv.com\/index.php?rest_route=%2Fwp%2Fv2%2Ftags&post=75478"}],"curies":[{"name":"wp","href":"https:\/\/api.w.org\/{rel}","templated":true}]}}