{"id":75475,"date":"2025-12-20T16:55:01","date_gmt":"2025-12-20T13:55:01","guid":{"rendered":"https:\/\/www.egemtv.com\/?p=75475"},"modified":"2025-12-20T16:55:02","modified_gmt":"2025-12-20T13:55:02","slug":"universite-ogrencisi-teslimenin-olumune-iliskin-iddianame-tamamlandi","status":"publish","type":"post","link":"https:\/\/www.egemtv.com\/?p=75475","title":{"rendered":"\u00dcniversite \u00f6\u011frencisi Teslime\u2019nin \u00f6l\u00fcm\u00fcne ili\u015fkin iddianame tamamland\u0131"},"content":{"rendered":"<p>Ayd\u0131n\u2019\u0131n Efeler il\u00e7esinde ge\u00e7ti\u011fimiz A\u011fustos ay\u0131nda zeytinlik alanda ba\u015f\u0131ndan vurulmu\u015f halde bulunan \u00fcniversite \u00f6\u011frencisi Teslime Hanedan\u2019\u0131n (20) \u00f6l\u00fcm\u00fcne ili\u015fkin, tutuklu san\u0131k E.F. hakk\u0131nda, &#8220;tasarlayarak ve kad\u0131na kar\u015f\u0131 kasten \u00f6ld\u00fcrme&#8221; su\u00e7lamas\u0131yla a\u011f\u0131rla\u015ft\u0131r\u0131lm\u0131\u015f m\u00fcebbet hapis cezas\u0131 istemiyle iddianame haz\u0131rland\u0131.<br \/>\n<br \/>6 A\u011fustos 2025 \u00c7ar\u015famba g\u00fcn\u00fc Efeler il\u00e7esi Kalfak\u00f6y yolu yak\u0131nlar\u0131nda meydana gelen olayda, \u00fcniversite \u00f6\u011frencisi Teslime Hanedan\u2019\u0131n (20) ba\u015f\u0131ndan tabancayla vurularak \u00f6ld\u00fcr\u00fcld\u00fc\u011f\u00fc belirlenmi\u015fti. Olayla ilgili \u00e7eli\u015fkili ifadeler verdikleri \u00f6\u011frenilen Teslime Hanedan\u2019\u0131n erkek arkada\u015f\u0131 E.F.\u2019nin de aralar\u0131nda bulundu\u011fu 5 \u015f\u00fcpheli g\u00f6zalt\u0131na al\u0131nm\u0131\u015f, E.F. cinayet \u015f\u00fcphesiyle \u00e7\u0131kar\u0131ld\u0131\u011f\u0131 mahkemece tutuklanm\u0131\u015ft\u0131.<br \/>\n<br \/>\u0130fadelerin \u00f6rt\u00fc\u015fmedi\u011fi tespit edildi<br \/>\n<br \/>Soru\u015fturma s\u00fcrecinde E.F.\u2019nin verdi\u011fi ifadelerin birbiriyle \u00f6rt\u00fc\u015fmedi\u011fi tespit edildi. Zanl\u0131, ilk ifadesinde Teslime Hanedan\u2019\u0131n yerini telefon uygulamas\u0131yla buldu\u011funu ve olay yerine gitti\u011finde onu \u00f6l\u00fc halde g\u00f6rd\u00fc\u011f\u00fcn\u00fc iddia etti. Ancak mahkemedeki savunmas\u0131nda, birlikte intihar etmek amac\u0131yla zeytinli\u011fe gittiklerini, kendisinin vazge\u00e7ti\u011fini, Hanedan\u2019\u0131n ise &#8220;Seni seviyorum&#8221; diyerek intihar etti\u011fini \u00f6ne s\u00fcrd\u00fc. Ayd\u0131n Cumhuriyet Ba\u015fsavc\u0131l\u0131\u011f\u0131 taraf\u0131ndan haz\u0131rlanan iddianamede san\u0131\u011f\u0131n bu ifadelerinin birbiriyle \u00e7eli\u015fti\u011fine dikkat \u00e7ekildi.<br \/>\n<br \/>Ciddi husumet vurgusu<br \/>\n<br \/>Ayd\u0131n 2\u2019nci A\u011f\u0131r Ceza Mahkemesi taraf\u0131ndan kabul edilen iddianamede, Teslime Hanedan ile E.F. aras\u0131nda olay \u00f6ncesinde ciddi bir husumet bulundu\u011fu belirtildi. Ayr\u0131l\u0131k s\u00fcrecinde tehdit, hakaret, \u015fiddet, para ve uyu\u015fturucuya ili\u015fkin iddialar\u0131n dosyada yer ald\u0131\u011f\u0131, Hanedan\u2019\u0131n ayr\u0131lmak istedi\u011fi, E.F.\u2019nin ise bunu kabullenmedi\u011fi aktar\u0131ld\u0131. Tan\u0131k beyanlar\u0131 ve mesaj kay\u0131tlar\u0131nda, olaydan bir g\u00fcn \u00f6nce fiziksel \u015fiddet uyguland\u0131\u011f\u0131na dair ifadeler bulundu\u011fu kaydedildi.<br \/>\n<br \/>Somut delile rastlanmad\u0131<br \/>\n<br \/>Ayr\u0131ca iddianamede, Hanedan\u2019\u0131n intihar etti\u011fine dair herhangi bir somut delile rastlanmad\u0131\u011f\u0131 ifade edildi. Olay yerinde at\u0131\u015f art\u0131\u011f\u0131 bulunmad\u0131\u011f\u0131, silah\u0131n &#8220;yak\u0131n at\u0131\u015f&#8221; mesafesinden ate\u015flendi\u011fi ve bu durumun intihar iddias\u0131yla \u00f6rt\u00fc\u015fmedi\u011fi belirtildi. Ayr\u0131ca silah\u0131n teminine ili\u015fkin kamera kay\u0131tlar\u0131n\u0131n, san\u0131\u011f\u0131n beyanlar\u0131n\u0131 do\u011frulamad\u0131\u011f\u0131na dikkat \u00e7ekildi.<br \/>\n<br \/>Dosyada yer alan bilgilere g\u00f6re, E.F.\u2019nin olaydan \u00f6nce ve sonra \u00f6ld\u00fcrmeye y\u00f6nelik tehditler i\u00e7eren konu\u015fmalar yapt\u0131\u011f\u0131 belirlendi. Olaydan bir g\u00fcn \u00f6nce evde uyu\u015fturucu kullan\u0131ld\u0131\u011f\u0131n\u0131 \u00f6\u011frenen san\u0131\u011f\u0131n, Hanedan ve beraberindekileri ara\u00e7la takip etti\u011fi, yollar\u0131n\u0131 kesti\u011fi ve bir ki\u015fiyi darp etti\u011fi iddia edildi. Ayn\u0131 g\u00fcn i\u00e7erisinde Hanedan\u2019\u0131 yaralad\u0131\u011f\u0131 ve bo\u011faz\u0131n\u0131 s\u0131kt\u0131\u011f\u0131 y\u00f6n\u00fcnde ifadeler de dosyada yer ald\u0131.<br \/>\n<br \/>\u0130ddianamede, san\u0131\u011f\u0131n daha \u00f6nce verdi\u011fi 16 bin liray\u0131 geri istemesi, Hanedan\u2019\u0131n paray\u0131 harcad\u0131\u011f\u0131n\u0131 s\u00f6ylemesi \u00fczerine tehditlerde bulundu\u011fu bilgisi payla\u015f\u0131ld\u0131. Taraflar aras\u0131nda uyu\u015fturucu kullan\u0131m\u0131 ve sat\u0131\u015f\u0131 iddialar\u0131 nedeniyle ya\u015fanan gerilimin de olay\u0131n seyrinde etkili oldu\u011fu vurguland\u0131.<br \/>\n<br \/>Savc\u0131l\u0131k a\u011f\u0131rla\u015ft\u0131r\u0131lm\u0131\u015f m\u00fcebbet istedi<br \/>\n<br \/>Toplanan delillerin tamam\u0131n\u0131n de\u011ferlendirilmesi ve iddianamenin kabul edilmesiyle birlikte dava s\u00fcreci ba\u015flarken, cinayet zanl\u0131s\u0131 E.F., Ayd\u0131n 2. A\u011f\u0131r Ceza Mahkemesi\u2019nde a\u011f\u0131rla\u015ft\u0131r\u0131lm\u0131\u015f m\u00fcebbet hapis cezas\u0131 istemiyle hakim kar\u015f\u0131s\u0131na \u00e7\u0131kacak. E.F.\u2019nin Teslime Hanedan\u2019\u0131 \u00f6nceden planlayarak olay yerine g\u00f6t\u00fcrd\u00fc\u011f\u00fc ve intihar s\u00fcs\u00fc vererek silahla \u00f6ld\u00fcrd\u00fc\u011f\u00fc kanaatine var\u0131ld\u0131\u011f\u0131 belirtilirken, san\u0131\u011f\u0131n yarg\u0131lanmas\u0131na 12 Mart 2026 tarihinde Ayd\u0131n 2\u2019nci A\u011f\u0131r Ceza Mahkemesi\u2019nde ba\u015flanacak.<br \/><\/p>\n","protected":false},"excerpt":{"rendered":"<p>Ayd\u0131n\u2019\u0131n Efeler il\u00e7esinde ge\u00e7ti\u011fimiz A\u011fustos ay\u0131nda zeytinlik alanda ba\u015f\u0131ndan vurulmu\u015f halde bulunan \u00fcniversite \u00f6\u011frencisi Teslime Hanedan\u2019\u0131n (20) \u00f6l\u00fcm\u00fcne ili\u015fkin, tutuklu san\u0131k E.F. hakk\u0131nda, &#8220;tasarlayarak ve kad\u0131na kar\u015f\u0131 kasten \u00f6ld\u00fcrme&#8221; su\u00e7lamas\u0131yla a\u011f\u0131rla\u015ft\u0131r\u0131lm\u0131\u015f m\u00fcebbet hapis cezas\u0131 istemiyle iddianame haz\u0131rland\u0131. 6 A\u011fustos 2025 \u00c7ar\u015famba g\u00fcn\u00fc Efeler il\u00e7esi Kalfak\u00f6y yolu yak\u0131nlar\u0131nda meydana gelen olayda, \u00fcniversite \u00f6\u011frencisi Teslime Hanedan\u2019\u0131n (20)&#8230;<\/p>\n","protected":false},"author":1,"featured_media":75476,"comment_status":"open","ping_status":"open","sticky":false,"template":"","format":"standard","meta":{"_crdt_document":"","footnotes":""},"categories":[5],"tags":[],"class_list":["post-75475","post","type-post","status-publish","format-standard","has-post-thumbnail","hentry","category-asayis"],"_links":{"self":[{"href":"https:\/\/www.egemtv.com\/index.php?rest_route=\/wp\/v2\/posts\/75475","targetHints":{"allow":["GET"]}}],"collection":[{"href":"https:\/\/www.egemtv.com\/index.php?rest_route=\/wp\/v2\/posts"}],"about":[{"href":"https:\/\/www.egemtv.com\/index.php?rest_route=\/wp\/v2\/types\/post"}],"author":[{"embeddable":true,"href":"https:\/\/www.egemtv.com\/index.php?rest_route=\/wp\/v2\/users\/1"}],"replies":[{"embeddable":true,"href":"https:\/\/www.egemtv.com\/index.php?rest_route=%2Fwp%2Fv2%2Fcomments&post=75475"}],"version-history":[{"count":1,"href":"https:\/\/www.egemtv.com\/index.php?rest_route=\/wp\/v2\/posts\/75475\/revisions"}],"predecessor-version":[{"id":75477,"href":"https:\/\/www.egemtv.com\/index.php?rest_route=\/wp\/v2\/posts\/75475\/revisions\/75477"}],"wp:featuredmedia":[{"embeddable":true,"href":"https:\/\/www.egemtv.com\/index.php?rest_route=\/wp\/v2\/media\/75476"}],"wp:attachment":[{"href":"https:\/\/www.egemtv.com\/index.php?rest_route=%2Fwp%2Fv2%2Fmedia&parent=75475"}],"wp:term":[{"taxonomy":"category","embeddable":true,"href":"https:\/\/www.egemtv.com\/index.php?rest_route=%2Fwp%2Fv2%2Fcategories&post=75475"},{"taxonomy":"post_tag","embeddable":true,"href":"https:\/\/www.egemtv.com\/index.php?rest_route=%2Fwp%2Fv2%2Ftags&post=75475"}],"curies":[{"name":"wp","href":"https:\/\/api.w.org\/{rel}","templated":true}]}}