{"id":75472,"date":"2025-12-20T16:55:00","date_gmt":"2025-12-20T13:55:00","guid":{"rendered":"https:\/\/www.egemtv.com\/?p=75472"},"modified":"2025-12-20T16:55:01","modified_gmt":"2025-12-20T13:55:01","slug":"karsi-serdi-gecerek-takla-atan-otomobilde-1-kisi-hayatini-kaybetti","status":"publish","type":"post","link":"https:\/\/www.egemtv.com\/?p=75472","title":{"rendered":"Kar\u015f\u0131 \u015ferdi ge\u00e7erek takla atan otomobilde 1 ki\u015fi hayat\u0131n\u0131 kaybetti"},"content":{"rendered":"<p>Denizli\u2019de s\u00fcr\u00fcc\u00fcs\u00fcn\u00fcn direksiyon hakimiyetini kaybetmesi sonucu otomobil kar\u015f\u0131 \u015feride ge\u00e7ti. H\u0131zla kar\u015f\u0131 \u015ferit ref\u00fcjlerini \u00e7arpan otomobil takla att\u0131. Kazada otomobil s\u00fcr\u00fcc\u00fcs\u00fc hayat\u0131n\u0131 kaybetti.<br \/>\n<br \/>Kaza, Denizli\u2019nin Pamukkale il\u00e7esi Cankurtaran Mahallesi Denizli-Ac\u0131payam Bulvar\u0131 \u00fczerinde meydana geldi. Edinilen bilgiye g\u00f6re, Ac\u0131payam\u2019dan Denizli istikametine gelen 20 AOE 408 plakal\u0131 otomobil s\u00fcr\u00fcc\u00fcs\u00fc Ramazan \u00c7oban direksiyon hakimiyetini kaybetti. Kontrolden \u00e7\u0131kan otomobil h\u0131zla kar\u015f\u0131 \u015feride ge\u00e7erek ref\u00fcjlere \u00e7arpt\u0131. Ref\u00fcje \u00e7arpan otomobil takla atarak ters kapand\u0131. Takla aran otomobilde s\u00fcr\u00fcc\u00fc Ramazan \u00c7oban s\u0131k\u0131\u015ft\u0131. Yoldan ge\u00e7en vatanda\u015flar\u0131n ihbar\u0131 \u00fczerine b\u00f6lgeye sa\u011fl\u0131k, polis, jandarma ve itfaiye ekipleri sevk edildi. B\u00f6lgeye gelen itfaiye ekipleri ara\u00e7ta s\u0131k\u0131\u015fan \u00c7oban\u2019\u0131 kurtararak sa\u011fl\u0131k ekiplerine teslim etti. Sa\u011fl\u0131k ekiplerinin yapt\u0131\u011f\u0131 kontrollerde s\u00fcr\u00fcc\u00fc Ramazan \u00c7oban\u2019\u0131n olay yerinde hayat\u0131n\u0131 kaybetti\u011fi belirlendi. Jandarma olay yeri inceleme ekiplerinin kaza b\u00f6lgesinde yapt\u0131\u011f\u0131 incelemelerin ard\u0131ndan Ramazan \u00c7oban\u2019\u0131n cenazesi Adli T\u0131p Kurumu morguna kald\u0131r\u0131ld\u0131.<br \/>\n<br \/>Kazayla ilgili soru\u015fturma ba\u015flat\u0131ld\u0131.<br \/><\/p>\n","protected":false},"excerpt":{"rendered":"<p>Denizli\u2019de s\u00fcr\u00fcc\u00fcs\u00fcn\u00fcn direksiyon hakimiyetini kaybetmesi sonucu otomobil kar\u015f\u0131 \u015feride ge\u00e7ti. H\u0131zla kar\u015f\u0131 \u015ferit ref\u00fcjlerini \u00e7arpan otomobil takla att\u0131. Kazada otomobil s\u00fcr\u00fcc\u00fcs\u00fc hayat\u0131n\u0131 kaybetti. Kaza, Denizli\u2019nin Pamukkale il\u00e7esi Cankurtaran Mahallesi Denizli-Ac\u0131payam Bulvar\u0131 \u00fczerinde meydana geldi. Edinilen bilgiye g\u00f6re, Ac\u0131payam\u2019dan Denizli istikametine gelen 20 AOE 408 plakal\u0131 otomobil s\u00fcr\u00fcc\u00fcs\u00fc Ramazan \u00c7oban direksiyon hakimiyetini kaybetti. Kontrolden \u00e7\u0131kan otomobil&#8230;<\/p>\n","protected":false},"author":1,"featured_media":75473,"comment_status":"open","ping_status":"open","sticky":false,"template":"","format":"standard","meta":{"_crdt_document":"","footnotes":""},"categories":[5],"tags":[],"class_list":["post-75472","post","type-post","status-publish","format-standard","has-post-thumbnail","hentry","category-asayis"],"_links":{"self":[{"href":"https:\/\/www.egemtv.com\/index.php?rest_route=\/wp\/v2\/posts\/75472","targetHints":{"allow":["GET"]}}],"collection":[{"href":"https:\/\/www.egemtv.com\/index.php?rest_route=\/wp\/v2\/posts"}],"about":[{"href":"https:\/\/www.egemtv.com\/index.php?rest_route=\/wp\/v2\/types\/post"}],"author":[{"embeddable":true,"href":"https:\/\/www.egemtv.com\/index.php?rest_route=\/wp\/v2\/users\/1"}],"replies":[{"embeddable":true,"href":"https:\/\/www.egemtv.com\/index.php?rest_route=%2Fwp%2Fv2%2Fcomments&post=75472"}],"version-history":[{"count":1,"href":"https:\/\/www.egemtv.com\/index.php?rest_route=\/wp\/v2\/posts\/75472\/revisions"}],"predecessor-version":[{"id":75474,"href":"https:\/\/www.egemtv.com\/index.php?rest_route=\/wp\/v2\/posts\/75472\/revisions\/75474"}],"wp:featuredmedia":[{"embeddable":true,"href":"https:\/\/www.egemtv.com\/index.php?rest_route=\/wp\/v2\/media\/75473"}],"wp:attachment":[{"href":"https:\/\/www.egemtv.com\/index.php?rest_route=%2Fwp%2Fv2%2Fmedia&parent=75472"}],"wp:term":[{"taxonomy":"category","embeddable":true,"href":"https:\/\/www.egemtv.com\/index.php?rest_route=%2Fwp%2Fv2%2Fcategories&post=75472"},{"taxonomy":"post_tag","embeddable":true,"href":"https:\/\/www.egemtv.com\/index.php?rest_route=%2Fwp%2Fv2%2Ftags&post=75472"}],"curies":[{"name":"wp","href":"https:\/\/api.w.org\/{rel}","templated":true}]}}