{"id":75469,"date":"2025-12-20T16:34:54","date_gmt":"2025-12-20T13:34:54","guid":{"rendered":"https:\/\/www.egemtv.com\/?p=75469"},"modified":"2025-12-20T16:34:55","modified_gmt":"2025-12-20T13:34:55","slug":"balcovada-kentsel-donusum-yikimi-komsu-binada-hasar-olustu","status":"publish","type":"post","link":"https:\/\/www.egemtv.com\/?p=75469","title":{"rendered":"Bal\u00e7ova\u2019da kentsel d\u00f6n\u00fc\u015f\u00fcm y\u0131k\u0131m\u0131: Kom\u015fu binada hasar olu\u015ftu"},"content":{"rendered":"<p>\u0130zmir\u2019in Bal\u00e7ova il\u00e7esinde kentsel d\u00f6n\u00fc\u015f\u00fcm kapsam\u0131nda y\u00fcr\u00fct\u00fclen bina y\u0131k\u0131m\u0131 s\u0131ras\u0131nda biti\u015fikte bulunan bir apartmanda hasar meydana geldi. Bal\u00e7ova Belediyesi taraf\u0131ndan ger\u00e7ekle\u015ftirilen y\u0131k\u0131m \u00e7al\u0131\u015fmas\u0131nda olu\u015fan zarar\u0131n belediye taraf\u0131ndan kar\u015f\u0131lanaca\u011f\u0131 bildirildi.<br \/>\n<br \/>Edinilen bilgilere g\u00f6re, E\u011fitim Mahallesi Mithatpa\u015fa Caddesi \u00fczerinde kentsel d\u00f6n\u00fc\u015f\u00fcm \u00e7al\u0131\u015fmalar\u0131 kapsam\u0131nda \u00f6mr\u00fcn\u00fc tamamlad\u0131\u011f\u0131 gerek\u00e7esiyle bir bina, Bal\u00e7ova Belediyesi Fen \u0130\u015fleri M\u00fcd\u00fcrl\u00fc\u011f\u00fc ekiplerince kontroll\u00fc \u015fekilde y\u0131k\u0131lmaya ba\u015fland\u0131. Ancak \u00e7al\u0131\u015fmalar s\u0131ras\u0131nda ya\u015fanan sars\u0131nt\u0131 ve baz\u0131 teknik aksakl\u0131klar nedeniyle biti\u015fikte yer alan Halima\u011fa Apartman\u0131 da etkilendi. Y\u0131k\u0131m esnas\u0131nda apartman\u0131n d\u0131\u015f cephesinde ve baz\u0131 duvar b\u00f6l\u00fcmlerinde hasar olu\u015ftu. Durumu fark eden bina sakinleri k\u0131sa s\u00fcreli panik ya\u015farken, olay\u0131n ard\u0131ndan belediye ekipleri b\u00f6lgede inceleme yapt\u0131. Yap\u0131lan incelemeler sonucunda, y\u0131k\u0131m s\u0131ras\u0131nda zarar g\u00f6ren apartmandaki hasar\u0131n belediye ekipleri taraf\u0131ndan en k\u0131sa s\u00fcrede giderilece\u011fi ve olu\u015fan t\u00fcm masraflar\u0131n Bal\u00e7ova Belediyesi taraf\u0131ndan kar\u015f\u0131lanaca\u011f\u0131 \u00f6\u011frenildi.<br \/><\/p>\n","protected":false},"excerpt":{"rendered":"<p>\u0130zmir\u2019in Bal\u00e7ova il\u00e7esinde kentsel d\u00f6n\u00fc\u015f\u00fcm kapsam\u0131nda y\u00fcr\u00fct\u00fclen bina y\u0131k\u0131m\u0131 s\u0131ras\u0131nda biti\u015fikte bulunan bir apartmanda hasar meydana geldi. Bal\u00e7ova Belediyesi taraf\u0131ndan ger\u00e7ekle\u015ftirilen y\u0131k\u0131m \u00e7al\u0131\u015fmas\u0131nda olu\u015fan zarar\u0131n belediye taraf\u0131ndan kar\u015f\u0131lanaca\u011f\u0131 bildirildi. Edinilen bilgilere g\u00f6re, E\u011fitim Mahallesi Mithatpa\u015fa Caddesi \u00fczerinde kentsel d\u00f6n\u00fc\u015f\u00fcm \u00e7al\u0131\u015fmalar\u0131 kapsam\u0131nda \u00f6mr\u00fcn\u00fc tamamlad\u0131\u011f\u0131 gerek\u00e7esiyle bir bina, Bal\u00e7ova Belediyesi Fen \u0130\u015fleri M\u00fcd\u00fcrl\u00fc\u011f\u00fc ekiplerince kontroll\u00fc \u015fekilde y\u0131k\u0131lmaya&#8230;<\/p>\n","protected":false},"author":1,"featured_media":75470,"comment_status":"open","ping_status":"open","sticky":false,"template":"","format":"standard","meta":{"_crdt_document":"","footnotes":""},"categories":[5],"tags":[],"class_list":["post-75469","post","type-post","status-publish","format-standard","has-post-thumbnail","hentry","category-asayis"],"_links":{"self":[{"href":"https:\/\/www.egemtv.com\/index.php?rest_route=\/wp\/v2\/posts\/75469","targetHints":{"allow":["GET"]}}],"collection":[{"href":"https:\/\/www.egemtv.com\/index.php?rest_route=\/wp\/v2\/posts"}],"about":[{"href":"https:\/\/www.egemtv.com\/index.php?rest_route=\/wp\/v2\/types\/post"}],"author":[{"embeddable":true,"href":"https:\/\/www.egemtv.com\/index.php?rest_route=\/wp\/v2\/users\/1"}],"replies":[{"embeddable":true,"href":"https:\/\/www.egemtv.com\/index.php?rest_route=%2Fwp%2Fv2%2Fcomments&post=75469"}],"version-history":[{"count":1,"href":"https:\/\/www.egemtv.com\/index.php?rest_route=\/wp\/v2\/posts\/75469\/revisions"}],"predecessor-version":[{"id":75471,"href":"https:\/\/www.egemtv.com\/index.php?rest_route=\/wp\/v2\/posts\/75469\/revisions\/75471"}],"wp:featuredmedia":[{"embeddable":true,"href":"https:\/\/www.egemtv.com\/index.php?rest_route=\/wp\/v2\/media\/75470"}],"wp:attachment":[{"href":"https:\/\/www.egemtv.com\/index.php?rest_route=%2Fwp%2Fv2%2Fmedia&parent=75469"}],"wp:term":[{"taxonomy":"category","embeddable":true,"href":"https:\/\/www.egemtv.com\/index.php?rest_route=%2Fwp%2Fv2%2Fcategories&post=75469"},{"taxonomy":"post_tag","embeddable":true,"href":"https:\/\/www.egemtv.com\/index.php?rest_route=%2Fwp%2Fv2%2Ftags&post=75469"}],"curies":[{"name":"wp","href":"https:\/\/api.w.org\/{rel}","templated":true}]}}