{"id":75463,"date":"2025-12-20T15:34:51","date_gmt":"2025-12-20T12:34:51","guid":{"rendered":"https:\/\/www.egemtv.com\/?p=75463"},"modified":"2025-12-20T15:34:52","modified_gmt":"2025-12-20T12:34:52","slug":"fasli-heyet-aydinda-tarimsal-potansiyeli-inceledi","status":"publish","type":"post","link":"https:\/\/www.egemtv.com\/?p=75463","title":{"rendered":"Fasl\u0131 heyet Ayd\u0131n\u2019da tar\u0131msal potansiyeli inceledi"},"content":{"rendered":"<p>Fas\u2019\u0131n Fes-Meknes B\u00f6lgesi Ziraat Odas\u0131\u2019ndan olu\u015fan heyet, tar\u0131msal i\u015f birli\u011fi ve bilgi payla\u015f\u0131m\u0131 kapsam\u0131nda Ayd\u0131n \u0130l Tar\u0131m ve Orman M\u00fcd\u00fcrl\u00fc\u011f\u00fc\u2019n\u00fc ziyaret ederek co\u011frafi i\u015faretli \u00fcr\u00fcnler ve \u00fcretim s\u00fcre\u00e7leri hakk\u0131nda bilgi ald\u0131.<br \/>\n<br \/>Fas\u2019\u0131n Fes-Meknes B\u00f6lgesi Ziraat Odas\u0131\u2019ndan olu\u015fan heyet, tar\u0131msal i\u015f birli\u011fi ve tecr\u00fcbe payla\u015f\u0131m\u0131 amac\u0131yla Ayd\u0131n\u2019\u0131 ziyaret etti. Ayd\u0131n \u0130l Tar\u0131m ve Orman M\u00fcd\u00fcrl\u00fc\u011f\u00fc\u2019n\u00fcn ev sahipli\u011finde ger\u00e7ekle\u015fen programda, ilin tar\u0131msal potansiyeli uluslararas\u0131 heyete tan\u0131t\u0131ld\u0131. Ziyaret kapsam\u0131nda Ayd\u0131n \u0130l Tar\u0131m ve Orman M\u00fcd\u00fcrl\u00fc\u011f\u00fc\u2019nde d\u00fczenlenen sunumlarda, ba\u015fta Ayd\u0131n Zeytinya\u011f\u0131 ve Ayd\u0131n \u0130nciri olmak \u00fczere co\u011frafi i\u015faretli \u00fcr\u00fcnler ele al\u0131nd\u0131. \u00dcretim s\u00fcre\u00e7leri, kalite standartlar\u0131 ve ihracat imkanlar\u0131na ili\u015fkin detayl\u0131 bilgiler payla\u015f\u0131ld\u0131. Program boyunca \u0130l M\u00fcd\u00fcr\u00fc Ayhan Temiz\u2019in yan\u0131 s\u0131ra \u0130l M\u00fcd\u00fcr Yard\u0131mc\u0131lar\u0131 Dr. H. Eray Ye\u015fil\u00e7ay\u0131r ve Cengiz Karabulak ile \u015eube M\u00fcd\u00fcrleri Arma\u011fan Tanr\u0131kulu, Mutlu Akta\u015f ve Hafize Kendirlio\u011flu da g\u00f6r\u00fc\u015fmelere kat\u0131ld\u0131.<br \/>\n<br \/>Heyet, program\u0131n devam\u0131nda Germencik il\u00e7esinde bulunan bir zeytinya\u011f\u0131 i\u015fleme tesisini ziyaret ederek \u00fcretim ve i\u015fleme s\u00fcre\u00e7lerini yerinde inceledi. Germencik \u0130l\u00e7e Tar\u0131m ve Orman M\u00fcd\u00fcr\u00fc \u0130lknur Kavas, b\u00f6lgede y\u00fcr\u00fct\u00fclen zeytincilik faaliyetleri hakk\u0131nda heyete bilgi verdi. Ziyaret, kar\u015f\u0131l\u0131kl\u0131 iyi niyet temennileri ve hat\u0131ra foto\u011fraf\u0131 \u00e7ekimiyle sona erdi.<br \/><\/p>\n","protected":false},"excerpt":{"rendered":"<p>Fas\u2019\u0131n Fes-Meknes B\u00f6lgesi Ziraat Odas\u0131\u2019ndan olu\u015fan heyet, tar\u0131msal i\u015f birli\u011fi ve bilgi payla\u015f\u0131m\u0131 kapsam\u0131nda Ayd\u0131n \u0130l Tar\u0131m ve Orman M\u00fcd\u00fcrl\u00fc\u011f\u00fc\u2019n\u00fc ziyaret ederek co\u011frafi i\u015faretli \u00fcr\u00fcnler ve \u00fcretim s\u00fcre\u00e7leri hakk\u0131nda bilgi ald\u0131. Fas\u2019\u0131n Fes-Meknes B\u00f6lgesi Ziraat Odas\u0131\u2019ndan olu\u015fan heyet, tar\u0131msal i\u015f birli\u011fi ve tecr\u00fcbe payla\u015f\u0131m\u0131 amac\u0131yla Ayd\u0131n\u2019\u0131 ziyaret etti. Ayd\u0131n \u0130l Tar\u0131m ve Orman M\u00fcd\u00fcrl\u00fc\u011f\u00fc\u2019n\u00fcn ev&#8230;<\/p>\n","protected":false},"author":1,"featured_media":75464,"comment_status":"open","ping_status":"open","sticky":false,"template":"","format":"standard","meta":{"_crdt_document":"","footnotes":""},"categories":[1],"tags":[],"class_list":["post-75463","post","type-post","status-publish","format-standard","has-post-thumbnail","hentry","category-guncel"],"_links":{"self":[{"href":"https:\/\/www.egemtv.com\/index.php?rest_route=\/wp\/v2\/posts\/75463","targetHints":{"allow":["GET"]}}],"collection":[{"href":"https:\/\/www.egemtv.com\/index.php?rest_route=\/wp\/v2\/posts"}],"about":[{"href":"https:\/\/www.egemtv.com\/index.php?rest_route=\/wp\/v2\/types\/post"}],"author":[{"embeddable":true,"href":"https:\/\/www.egemtv.com\/index.php?rest_route=\/wp\/v2\/users\/1"}],"replies":[{"embeddable":true,"href":"https:\/\/www.egemtv.com\/index.php?rest_route=%2Fwp%2Fv2%2Fcomments&post=75463"}],"version-history":[{"count":1,"href":"https:\/\/www.egemtv.com\/index.php?rest_route=\/wp\/v2\/posts\/75463\/revisions"}],"predecessor-version":[{"id":75465,"href":"https:\/\/www.egemtv.com\/index.php?rest_route=\/wp\/v2\/posts\/75463\/revisions\/75465"}],"wp:featuredmedia":[{"embeddable":true,"href":"https:\/\/www.egemtv.com\/index.php?rest_route=\/wp\/v2\/media\/75464"}],"wp:attachment":[{"href":"https:\/\/www.egemtv.com\/index.php?rest_route=%2Fwp%2Fv2%2Fmedia&parent=75463"}],"wp:term":[{"taxonomy":"category","embeddable":true,"href":"https:\/\/www.egemtv.com\/index.php?rest_route=%2Fwp%2Fv2%2Fcategories&post=75463"},{"taxonomy":"post_tag","embeddable":true,"href":"https:\/\/www.egemtv.com\/index.php?rest_route=%2Fwp%2Fv2%2Ftags&post=75463"}],"curies":[{"name":"wp","href":"https:\/\/api.w.org\/{rel}","templated":true}]}}