{"id":75460,"date":"2025-12-20T15:14:59","date_gmt":"2025-12-20T12:14:59","guid":{"rendered":"https:\/\/www.egemtv.com\/?p=75460"},"modified":"2025-12-20T15:15:00","modified_gmt":"2025-12-20T12:15:00","slug":"50-yillik-cay-ocaginda-baba-meslegini-surduruyor","status":"publish","type":"post","link":"https:\/\/www.egemtv.com\/?p=75460","title":{"rendered":"50 y\u0131ll\u0131k \u00e7ay oca\u011f\u0131nda baba mesle\u011fini s\u00fcrd\u00fcr\u00fcyor"},"content":{"rendered":"<p>Denizli\u2019de ya\u015fayan Mehmet Ba\u015fbu\u011f, 50 y\u0131l \u00f6nce babas\u0131n\u0131n a\u00e7\u0131p i\u015fletti\u011fi \u00e7ay oca\u011f\u0131n\u0131 \u015fimdi kendi i\u015fletiyor. Babas\u0131n\u0131n \u00f6l\u00fcm\u00fcnden itibaren \u00e7ay oca\u011f\u0131n\u0131 kendi i\u015fletti\u011fin ifade eden Ba\u015fbu\u011f, &#8220;Allah sa\u011fl\u0131k verdi\u011fi m\u00fcddet\u00e7e baba mesle\u011fim olan kahvecili\u011fi yapmaya devam edece\u011fim&#8221; dedi.<br \/>\n<br \/>Buldan D\u00f6rteyl\u00fcl Mahallesi, Demirciler Soka\u011f\u0131nda babas\u0131 merhum Habip Ba\u015fbu\u011f taraf\u0131ndan 1976 y\u0131l\u0131nda a\u00e7\u0131lan \u00e7ay oca\u011f\u0131n\u0131 o\u011flu Mehmet Ba\u015fbu\u011f i\u015fletiyor. \u0130ki metrekarelik \u00e7ay oca\u011f\u0131nda demircilik yapan esnaflara \u00e7ay, kahve hizmeti veren Mehmet Ba\u015fbu\u011f(65), 1982 y\u0131l\u0131nda askerden geldikten sonra babas\u0131 Habip Ba\u015fbu\u011f\u2019a yard\u0131m etti\u011fini dile getirerek &#8220;Yakla\u015f\u0131k on y\u0131l \u0130zmir\u2019de kald\u0131m. Ama memleket hasreti beni tekrar Buldan\u2019a d\u00f6nd\u00fcrd\u00fc. 1998 y\u0131l\u0131ndan beri bu k\u00fc\u00e7\u00fck \u00e7ay oca\u011f\u0131nda babam\u0131n \u00f6l\u00fcm\u00fcnden itibaren i\u015fimi yap\u0131yorum. \u0130\u015fimi severek yap\u0131yorum. Kahvecilik \u00e7ok zor bir meslek ama s\u00fcrekli y\u00fcr\u00fcy\u00fc\u015f yapt\u0131\u011f\u0131mdan sa\u011fl\u0131\u011f\u0131mada iyi geliyor. Buradaki esnaflar\u0131n hepsi de babam\u0131n dostuydu. Zaman zaman eski g\u00fcnleri hep birlikte yad ediyoruz. \u00c7ocuklu\u011fumdan beri Demirciler soka\u011f\u0131nday\u0131m. Ba\u015fka hi\u00e7bir i\u015f yapmad\u0131m. \u00c7ocuklar\u0131m\u0131 babamdan kalan bu k\u00fc\u00e7\u00fck \u00e7ay oca\u011f\u0131n\u0131 i\u015fleterek b\u00fcy\u00fctt\u00fcm. Allah sa\u011fl\u0131k verdi\u011fi m\u00fcddet\u00e7e baba mesle\u011fim olan kahvecili\u011fi yapmaya devam edece\u011fim&#8221; dedi.<br \/><\/p>\n","protected":false},"excerpt":{"rendered":"<p>Denizli\u2019de ya\u015fayan Mehmet Ba\u015fbu\u011f, 50 y\u0131l \u00f6nce babas\u0131n\u0131n a\u00e7\u0131p i\u015fletti\u011fi \u00e7ay oca\u011f\u0131n\u0131 \u015fimdi kendi i\u015fletiyor. Babas\u0131n\u0131n \u00f6l\u00fcm\u00fcnden itibaren \u00e7ay oca\u011f\u0131n\u0131 kendi i\u015fletti\u011fin ifade eden Ba\u015fbu\u011f, &#8220;Allah sa\u011fl\u0131k verdi\u011fi m\u00fcddet\u00e7e baba mesle\u011fim olan kahvecili\u011fi yapmaya devam edece\u011fim&#8221; dedi. Buldan D\u00f6rteyl\u00fcl Mahallesi, Demirciler Soka\u011f\u0131nda babas\u0131 merhum Habip Ba\u015fbu\u011f taraf\u0131ndan 1976 y\u0131l\u0131nda a\u00e7\u0131lan \u00e7ay oca\u011f\u0131n\u0131 o\u011flu Mehmet Ba\u015fbu\u011f&#8230;<\/p>\n","protected":false},"author":1,"featured_media":75461,"comment_status":"open","ping_status":"open","sticky":false,"template":"","format":"standard","meta":{"_crdt_document":"","footnotes":""},"categories":[123],"tags":[],"class_list":["post-75460","post","type-post","status-publish","format-standard","has-post-thumbnail","hentry","category-gundem"],"_links":{"self":[{"href":"https:\/\/www.egemtv.com\/index.php?rest_route=\/wp\/v2\/posts\/75460","targetHints":{"allow":["GET"]}}],"collection":[{"href":"https:\/\/www.egemtv.com\/index.php?rest_route=\/wp\/v2\/posts"}],"about":[{"href":"https:\/\/www.egemtv.com\/index.php?rest_route=\/wp\/v2\/types\/post"}],"author":[{"embeddable":true,"href":"https:\/\/www.egemtv.com\/index.php?rest_route=\/wp\/v2\/users\/1"}],"replies":[{"embeddable":true,"href":"https:\/\/www.egemtv.com\/index.php?rest_route=%2Fwp%2Fv2%2Fcomments&post=75460"}],"version-history":[{"count":1,"href":"https:\/\/www.egemtv.com\/index.php?rest_route=\/wp\/v2\/posts\/75460\/revisions"}],"predecessor-version":[{"id":75462,"href":"https:\/\/www.egemtv.com\/index.php?rest_route=\/wp\/v2\/posts\/75460\/revisions\/75462"}],"wp:featuredmedia":[{"embeddable":true,"href":"https:\/\/www.egemtv.com\/index.php?rest_route=\/wp\/v2\/media\/75461"}],"wp:attachment":[{"href":"https:\/\/www.egemtv.com\/index.php?rest_route=%2Fwp%2Fv2%2Fmedia&parent=75460"}],"wp:term":[{"taxonomy":"category","embeddable":true,"href":"https:\/\/www.egemtv.com\/index.php?rest_route=%2Fwp%2Fv2%2Fcategories&post=75460"},{"taxonomy":"post_tag","embeddable":true,"href":"https:\/\/www.egemtv.com\/index.php?rest_route=%2Fwp%2Fv2%2Ftags&post=75460"}],"curies":[{"name":"wp","href":"https:\/\/api.w.org\/{rel}","templated":true}]}}