{"id":75457,"date":"2025-12-20T15:14:59","date_gmt":"2025-12-20T12:14:59","guid":{"rendered":"https:\/\/www.egemtv.com\/?p=75457"},"modified":"2025-12-20T15:14:59","modified_gmt":"2025-12-20T12:14:59","slug":"yeni-yil-uzumleri-yola-cikmaya-basladi","status":"publish","type":"post","link":"https:\/\/www.egemtv.com\/?p=75457","title":{"rendered":"Yeni y\u0131l \u00fcz\u00fcmleri yola \u00e7\u0131kmaya ba\u015flad\u0131"},"content":{"rendered":"<p>Manisa\u2019n\u0131n Sar\u0131g\u00f6l il\u00e7esine ba\u011fl\u0131 A\u015fa\u011f\u0131ko\u00e7aklar Mahallesi\u2019nde yeni y\u0131l sofralar\u0131n\u0131n vazge\u00e7ilmezi olan y\u0131lba\u015f\u0131l\u0131k \u00fcz\u00fcmlerin kesimine ba\u015fland\u0131. \u0130l\u00e7ede &#8220;yeni y\u0131l \u00fcz\u00fcm\u00fc&#8221; \u00fcretimiyle tan\u0131nan \u00fcz\u00fcm \u00fcreticisi Musa Topdemir, bu y\u0131l da gelene\u011fi bozmayarak 70 d\u00f6n\u00fcml\u00fck \u00e7ekirdeksiz Sultaniye \u00fcz\u00fcm ba\u011f\u0131nda hasada ba\u015flad\u0131.<br \/>\n<br \/>Her y\u0131l yeni y\u0131l d\u00f6neminde pazarlara \u00fcz\u00fcm sunmas\u0131yla bilinen \u00fcretici Musa Topdemir, temmuz ay\u0131ndan bu yana \u00f6rt\u00fc alt\u0131nda bekletti\u011fi d\u00fcnyaca \u00fcnl\u00fc Co\u011frafi i\u015faretli \u00c7ekirdeksiz Sultaniye \u00fcz\u00fcmleri keserek sevkiyata haz\u0131rlad\u0131klar\u0131n\u0131 belirtti. Topdemir, y\u0131lba\u015f\u0131 sofralar\u0131n\u0131 s\u00fcsleyen \u00fcz\u00fcmlerine olan talebin her y\u0131l artt\u0131\u011f\u0131n\u0131 ifade ederek, &#8220;\u00dcz\u00fcm deyince akla, tarihte kral, krali\u00e7e, prens, prenseslerin g\u00fczelle\u015fmek ve sa\u011fl\u0131kl\u0131 olmak i\u00e7in yedikleri tek meyve \u00fcz\u00fcm. Manisa\u2019n\u0131n Sar\u0131g\u00f6l il\u00e7esi d\u00fcnyan\u0131n \u00fcz\u00fcm merkezi. K\u0131\u015f \u00fcz\u00fcmlerimiz, \u015fifal\u0131 k\u0131\u015f \u00fcz\u00fcmlerimizin kesimi ba\u015flam\u0131\u015ft\u0131r. Y\u0131lba\u015f\u0131nda \u00f6rt\u00fc alt\u0131 \u00fcz\u00fcmler Sar\u0131g\u00f6l\u2019den gelecek. \u015euan \u00fcz\u00fcmlerimiz ilk olarak \u0130zmir\u2019de Ali Bodur karde\u015fimiz taraf\u0131ndan pazarlanacakt\u0131r&#8221; dedi. T\u00fcccar Ali Bodur ile yap\u0131lan pazarl\u0131k sonucu Musa Topdemir \u00fcz\u00fcm\u00fcn kilosunu 50 TL\u2019den satt\u0131.<br \/>\n<br \/>Yeni y\u0131l \u00fcz\u00fcmleriyle b\u00f6lgede bir gelene\u011fi ya\u015fatt\u0131klar\u0131n\u0131 vurgulayan Topdemir, Sar\u0131g\u00f6l \u00fcz\u00fcmlerinin aromas\u0131 ve dayan\u0131kl\u0131l\u0131\u011f\u0131yla tercih edildi\u011fini s\u00f6yledi. \u00dcreticiler, y\u0131lba\u015f\u0131 \u00f6ncesinde hasad\u0131n artarak devam edece\u011fini ve \u00fcz\u00fcmlerin T\u00fcrkiye\u2019nin bir\u00e7ok ilindeki pazarlara g\u00f6nderilece\u011fini kaydetti. Bu y\u0131l da ge\u00e7ti\u011fimiz y\u0131llarda oldu\u011fu gibi 2025 y\u0131l\u0131 \u00fcz\u00fcmlerinin 2026 y\u0131l\u0131n\u0131n ilk g\u00fcnlerinde de dal\u0131ndan kesilerek taze taze sofralar\u0131 tatland\u0131raca\u011f\u0131 \u00f6\u011frenildi.<br \/><\/p>\n","protected":false},"excerpt":{"rendered":"<p>Manisa\u2019n\u0131n Sar\u0131g\u00f6l il\u00e7esine ba\u011fl\u0131 A\u015fa\u011f\u0131ko\u00e7aklar Mahallesi\u2019nde yeni y\u0131l sofralar\u0131n\u0131n vazge\u00e7ilmezi olan y\u0131lba\u015f\u0131l\u0131k \u00fcz\u00fcmlerin kesimine ba\u015fland\u0131. \u0130l\u00e7ede &#8220;yeni y\u0131l \u00fcz\u00fcm\u00fc&#8221; \u00fcretimiyle tan\u0131nan \u00fcz\u00fcm \u00fcreticisi Musa Topdemir, bu y\u0131l da gelene\u011fi bozmayarak 70 d\u00f6n\u00fcml\u00fck \u00e7ekirdeksiz Sultaniye \u00fcz\u00fcm ba\u011f\u0131nda hasada ba\u015flad\u0131. Her y\u0131l yeni y\u0131l d\u00f6neminde pazarlara \u00fcz\u00fcm sunmas\u0131yla bilinen \u00fcretici Musa Topdemir, temmuz ay\u0131ndan bu yana \u00f6rt\u00fc&#8230;<\/p>\n","protected":false},"author":1,"featured_media":75458,"comment_status":"open","ping_status":"open","sticky":false,"template":"","format":"standard","meta":{"_crdt_document":"","footnotes":""},"categories":[125],"tags":[],"class_list":["post-75457","post","type-post","status-publish","format-standard","has-post-thumbnail","hentry","category-ekonomi"],"_links":{"self":[{"href":"https:\/\/www.egemtv.com\/index.php?rest_route=\/wp\/v2\/posts\/75457","targetHints":{"allow":["GET"]}}],"collection":[{"href":"https:\/\/www.egemtv.com\/index.php?rest_route=\/wp\/v2\/posts"}],"about":[{"href":"https:\/\/www.egemtv.com\/index.php?rest_route=\/wp\/v2\/types\/post"}],"author":[{"embeddable":true,"href":"https:\/\/www.egemtv.com\/index.php?rest_route=\/wp\/v2\/users\/1"}],"replies":[{"embeddable":true,"href":"https:\/\/www.egemtv.com\/index.php?rest_route=%2Fwp%2Fv2%2Fcomments&post=75457"}],"version-history":[{"count":1,"href":"https:\/\/www.egemtv.com\/index.php?rest_route=\/wp\/v2\/posts\/75457\/revisions"}],"predecessor-version":[{"id":75459,"href":"https:\/\/www.egemtv.com\/index.php?rest_route=\/wp\/v2\/posts\/75457\/revisions\/75459"}],"wp:featuredmedia":[{"embeddable":true,"href":"https:\/\/www.egemtv.com\/index.php?rest_route=\/wp\/v2\/media\/75458"}],"wp:attachment":[{"href":"https:\/\/www.egemtv.com\/index.php?rest_route=%2Fwp%2Fv2%2Fmedia&parent=75457"}],"wp:term":[{"taxonomy":"category","embeddable":true,"href":"https:\/\/www.egemtv.com\/index.php?rest_route=%2Fwp%2Fv2%2Fcategories&post=75457"},{"taxonomy":"post_tag","embeddable":true,"href":"https:\/\/www.egemtv.com\/index.php?rest_route=%2Fwp%2Fv2%2Ftags&post=75457"}],"curies":[{"name":"wp","href":"https:\/\/api.w.org\/{rel}","templated":true}]}}