{"id":75454,"date":"2025-12-20T14:55:08","date_gmt":"2025-12-20T11:55:08","guid":{"rendered":"https:\/\/www.egemtv.com\/?p=75454"},"modified":"2025-12-20T14:55:08","modified_gmt":"2025-12-20T11:55:08","slug":"doga-tutkunlari-musaozu-goletinde-bulustu","status":"publish","type":"post","link":"https:\/\/www.egemtv.com\/?p=75454","title":{"rendered":"Do\u011fa tutkunlar\u0131 Musa\u00f6z\u00fc G\u00f6leti\u2019nde bulu\u015ftu"},"content":{"rendered":"<p>K\u00fctahya ve \u00e7evresinde karavan ya\u015fam\u0131n\u0131 benimseyen do\u011fa tutkunlar\u0131, resmi bir \u00e7at\u0131 alt\u0131nda birle\u015fmenin heyecan\u0131n\u0131 ya\u015fad\u0131. K\u00fctahya Kamp ve Karavan Derne\u011fi, ilk b\u00fcy\u00fck bulu\u015fmas\u0131n\u0131 Eski\u015fehir\u2019in do\u011fal g\u00fczelliklerinden Musa\u00f6z\u00fc G\u00f6leti\u2019nde ger\u00e7ekle\u015ftirdi.<br \/>\n<br \/>G\u00f6letin huzurlu atmosferinde karavanlar\u0131n\u0131 konu\u015fland\u0131ran dernek \u00fcyeleri, hem sonbahar\u0131n tad\u0131n\u0131 \u00e7\u0131kard\u0131 hem de derne\u011fin gelecek d\u00f6nem yol haritas\u0131n\u0131 belirlemek \u00fczere bir araya geldi. Bulu\u015fmada, karavan turizminin geli\u015ftirilmesi ve g\u00fcvenli kamp alanlar\u0131n\u0131n art\u0131r\u0131lmas\u0131 konular\u0131 \u00f6ne \u00e7\u0131kt\u0131.<br \/>\n<br \/>Karavan sahipleri ad\u0131na konu\u015fan Mustafa Argun, &#8220;Y\u0131llard\u0131r karavanla T\u00fcrkiye\u2019nin d\u00f6rt bir yan\u0131n\u0131 geziyoruz. \u00c7ok g\u00fczel tecr\u00fcbeler edindik ancak kamp alanlar\u0131 ve yasal d\u00fczenlemeler gibi konularda hep bireysel hareket etmek zorunda kal\u0131yorduk. Bundan sonra derne\u011fimizin belirleyece\u011fi g\u00fcvenli alanlarda, dayan\u0131\u015fma i\u00e7inde olaca\u011f\u0131z. Ortak sorunlara art\u0131k ortak \u00e7\u00f6z\u00fcmler \u00fcretece\u011fiz&#8221; dedi.<br \/><\/p>\n","protected":false},"excerpt":{"rendered":"<p>K\u00fctahya ve \u00e7evresinde karavan ya\u015fam\u0131n\u0131 benimseyen do\u011fa tutkunlar\u0131, resmi bir \u00e7at\u0131 alt\u0131nda birle\u015fmenin heyecan\u0131n\u0131 ya\u015fad\u0131. K\u00fctahya Kamp ve Karavan Derne\u011fi, ilk b\u00fcy\u00fck bulu\u015fmas\u0131n\u0131 Eski\u015fehir\u2019in do\u011fal g\u00fczelliklerinden Musa\u00f6z\u00fc G\u00f6leti\u2019nde ger\u00e7ekle\u015ftirdi. G\u00f6letin huzurlu atmosferinde karavanlar\u0131n\u0131 konu\u015fland\u0131ran dernek \u00fcyeleri, hem sonbahar\u0131n tad\u0131n\u0131 \u00e7\u0131kard\u0131 hem de derne\u011fin gelecek d\u00f6nem yol haritas\u0131n\u0131 belirlemek \u00fczere bir araya geldi. Bulu\u015fmada, karavan turizminin&#8230;<\/p>\n","protected":false},"author":1,"featured_media":75455,"comment_status":"open","ping_status":"open","sticky":false,"template":"","format":"standard","meta":{"_crdt_document":"","footnotes":""},"categories":[1],"tags":[],"class_list":["post-75454","post","type-post","status-publish","format-standard","has-post-thumbnail","hentry","category-guncel"],"_links":{"self":[{"href":"https:\/\/www.egemtv.com\/index.php?rest_route=\/wp\/v2\/posts\/75454","targetHints":{"allow":["GET"]}}],"collection":[{"href":"https:\/\/www.egemtv.com\/index.php?rest_route=\/wp\/v2\/posts"}],"about":[{"href":"https:\/\/www.egemtv.com\/index.php?rest_route=\/wp\/v2\/types\/post"}],"author":[{"embeddable":true,"href":"https:\/\/www.egemtv.com\/index.php?rest_route=\/wp\/v2\/users\/1"}],"replies":[{"embeddable":true,"href":"https:\/\/www.egemtv.com\/index.php?rest_route=%2Fwp%2Fv2%2Fcomments&post=75454"}],"version-history":[{"count":1,"href":"https:\/\/www.egemtv.com\/index.php?rest_route=\/wp\/v2\/posts\/75454\/revisions"}],"predecessor-version":[{"id":75456,"href":"https:\/\/www.egemtv.com\/index.php?rest_route=\/wp\/v2\/posts\/75454\/revisions\/75456"}],"wp:featuredmedia":[{"embeddable":true,"href":"https:\/\/www.egemtv.com\/index.php?rest_route=\/wp\/v2\/media\/75455"}],"wp:attachment":[{"href":"https:\/\/www.egemtv.com\/index.php?rest_route=%2Fwp%2Fv2%2Fmedia&parent=75454"}],"wp:term":[{"taxonomy":"category","embeddable":true,"href":"https:\/\/www.egemtv.com\/index.php?rest_route=%2Fwp%2Fv2%2Fcategories&post=75454"},{"taxonomy":"post_tag","embeddable":true,"href":"https:\/\/www.egemtv.com\/index.php?rest_route=%2Fwp%2Fv2%2Ftags&post=75454"}],"curies":[{"name":"wp","href":"https:\/\/api.w.org\/{rel}","templated":true}]}}