{"id":75448,"date":"2025-12-20T14:15:33","date_gmt":"2025-12-20T11:15:33","guid":{"rendered":"https:\/\/www.egemtv.com\/?p=75448"},"modified":"2025-12-20T14:15:34","modified_gmt":"2025-12-20T11:15:34","slug":"bodrumdaki-olumlu-kazanin-goruntuleri-ortaya-cikti","status":"publish","type":"post","link":"https:\/\/www.egemtv.com\/?p=75448","title":{"rendered":"Bodrum\u2019daki \u00f6l\u00fcml\u00fc kazan\u0131n g\u00f6r\u00fcnt\u00fcleri ortaya \u00e7\u0131kt\u0131"},"content":{"rendered":"<p>Mu\u011fla\u2019n\u0131n Bodrum il\u00e7esinde kontrolden \u00e7\u0131kan kamyonetin park halindeki araca \u00e7arpmas\u0131yla 1 ki\u015finin hayat\u0131n\u0131 kaybetti\u011fi kazaya ili\u015fkin g\u00f6r\u00fcnt\u00fcler ortaya \u00e7\u0131kt\u0131.<br \/>\n<br \/>Kaza, \u00f6nceki g\u00fcn saat 21.00 s\u0131ralar\u0131nda G\u00f6k\u00e7ebel Mahallesi \u0130n\u00f6n\u00fc Caddesi\u2019nde meydana geldi. Edinilen bilgiye g\u00f6re \u0130brahim Umut Y\u00f6ntem idaresindeki 48 ABM 569 plakal\u0131 kapal\u0131 kasa kamyonet, yol kenar\u0131nda park halinde bulunan 48 AVG 544 plakal\u0131 kamyonete \u00e7arpt\u0131. \u00c7arpman\u0131n etkisiyle savrulan ara\u00e7 takla atarak durabildi. \u0130hbar \u00fczerine b\u00f6lgeye sa\u011fl\u0131k ve polis ekipleri sevk edildi. Kazada s\u00fcr\u00fcc\u00fc \u0130brahim Umut Y\u00f6ntem ile ara\u00e7ta bulunan A.Z. ve M.Z. yaraland\u0131. Yaral\u0131lar ambulanslarla \u00e7evredeki hastanelere kald\u0131r\u0131ld\u0131. A\u011f\u0131r yaral\u0131 olarak tedavi alt\u0131na al\u0131nan Y\u00f6ntem, sabaha kar\u015f\u0131 t\u00fcm m\u00fcdahalelere ra\u011fmen ya\u015fam\u0131n\u0131 yitirdi. Yaral\u0131lardan A.Z.\u2019nin hayati tehlikesinin devam etti\u011fi \u00f6\u011frenildi.<br \/>\n<br \/>\u00d6te yandan, kazaya ili\u015fkin g\u00fcvenlik kameras\u0131 g\u00f6r\u00fcnt\u00fcleri ortaya \u00e7\u0131kt\u0131. G\u00f6r\u00fcnt\u00fclerde, kamyonetin park halindeki araca \u00e7arpt\u0131\u011f\u0131, ard\u0131ndan savrularak takla att\u0131\u011f\u0131 anlar net \u015fekilde yer ald\u0131.<br \/><\/p>\n","protected":false},"excerpt":{"rendered":"<p>Mu\u011fla\u2019n\u0131n Bodrum il\u00e7esinde kontrolden \u00e7\u0131kan kamyonetin park halindeki araca \u00e7arpmas\u0131yla 1 ki\u015finin hayat\u0131n\u0131 kaybetti\u011fi kazaya ili\u015fkin g\u00f6r\u00fcnt\u00fcler ortaya \u00e7\u0131kt\u0131. Kaza, \u00f6nceki g\u00fcn saat 21.00 s\u0131ralar\u0131nda G\u00f6k\u00e7ebel Mahallesi \u0130n\u00f6n\u00fc Caddesi\u2019nde meydana geldi. Edinilen bilgiye g\u00f6re \u0130brahim Umut Y\u00f6ntem idaresindeki 48 ABM 569 plakal\u0131 kapal\u0131 kasa kamyonet, yol kenar\u0131nda park halinde bulunan 48 AVG 544 plakal\u0131 kamyonete&#8230;<\/p>\n","protected":false},"author":1,"featured_media":75449,"comment_status":"open","ping_status":"open","sticky":false,"template":"","format":"standard","meta":{"_crdt_document":"","footnotes":""},"categories":[5],"tags":[],"class_list":["post-75448","post","type-post","status-publish","format-standard","has-post-thumbnail","hentry","category-asayis"],"_links":{"self":[{"href":"https:\/\/www.egemtv.com\/index.php?rest_route=\/wp\/v2\/posts\/75448","targetHints":{"allow":["GET"]}}],"collection":[{"href":"https:\/\/www.egemtv.com\/index.php?rest_route=\/wp\/v2\/posts"}],"about":[{"href":"https:\/\/www.egemtv.com\/index.php?rest_route=\/wp\/v2\/types\/post"}],"author":[{"embeddable":true,"href":"https:\/\/www.egemtv.com\/index.php?rest_route=\/wp\/v2\/users\/1"}],"replies":[{"embeddable":true,"href":"https:\/\/www.egemtv.com\/index.php?rest_route=%2Fwp%2Fv2%2Fcomments&post=75448"}],"version-history":[{"count":1,"href":"https:\/\/www.egemtv.com\/index.php?rest_route=\/wp\/v2\/posts\/75448\/revisions"}],"predecessor-version":[{"id":75450,"href":"https:\/\/www.egemtv.com\/index.php?rest_route=\/wp\/v2\/posts\/75448\/revisions\/75450"}],"wp:featuredmedia":[{"embeddable":true,"href":"https:\/\/www.egemtv.com\/index.php?rest_route=\/wp\/v2\/media\/75449"}],"wp:attachment":[{"href":"https:\/\/www.egemtv.com\/index.php?rest_route=%2Fwp%2Fv2%2Fmedia&parent=75448"}],"wp:term":[{"taxonomy":"category","embeddable":true,"href":"https:\/\/www.egemtv.com\/index.php?rest_route=%2Fwp%2Fv2%2Fcategories&post=75448"},{"taxonomy":"post_tag","embeddable":true,"href":"https:\/\/www.egemtv.com\/index.php?rest_route=%2Fwp%2Fv2%2Ftags&post=75448"}],"curies":[{"name":"wp","href":"https:\/\/api.w.org\/{rel}","templated":true}]}}