{"id":75445,"date":"2025-12-20T14:15:32","date_gmt":"2025-12-20T11:15:32","guid":{"rendered":"https:\/\/www.egemtv.com\/?p=75445"},"modified":"2025-12-20T14:15:33","modified_gmt":"2025-12-20T11:15:33","slug":"mugla-icin-turuncu-alarm","status":"publish","type":"post","link":"https:\/\/www.egemtv.com\/?p=75445","title":{"rendered":"Mu\u011fla i\u00e7in turuncu alarm"},"content":{"rendered":"<p>Meteoroloji Genel M\u00fcd\u00fcrl\u00fc\u011f\u00fc\u2019nden yap\u0131lan son de\u011ferlendirmelere g\u00f6re, Mu\u011fla ve \u00e7evresi bu gece saatlerinden itibaren \u015fiddetli ya\u011f\u0131\u015flar\u0131n etkisi alt\u0131na giriyor. Uzmanlar sel, su bask\u0131n\u0131 ve k\u0131y\u0131 \u015feridinde hortum riskine kar\u015f\u0131 vatanda\u015flar\u0131 acil kodla uyard\u0131.<\/p>\n<p>Yap\u0131lan son tahminlere g\u00f6re, ya\u011f\u0131\u015fl\u0131 hava dalgas\u0131 bu gece saatlerinden itibaren \u00f6ncelikle Mu\u011fla\u2019n\u0131n do\u011fu il\u00e7elerinde etkisini g\u00f6sterecek. Pazar g\u00fcn\u00fc sabah saatlerinden itibaren ise il genelinde kuvvetli sa\u011fanak ya\u011f\u0131\u015flar\u0131n etkisini art\u0131rarak devam etmesi bekleniyor. Yetkililer, vatanda\u015flar\u0131n can ve mal g\u00fcvenli\u011fini korumak ad\u0131na zorunlu olmad\u0131k\u00e7a trafi\u011fe \u00e7\u0131kmamalar\u0131n\u0131, dere yataklar\u0131ndan uzak durmalar\u0131n\u0131 ve a\u00e7\u0131k alanlardaki e\u015fyalar\u0131n\u0131 f\u0131rt\u0131naya kar\u015f\u0131 sabitlemelerini \u00f6neriyor. Olumsuz bir durumla kar\u015f\u0131la\u015f\u0131lmas\u0131 halinde 112 Acil \u00c7a\u011fr\u0131 Merkezi ile ileti\u015fime ge\u00e7ilmesi b\u00fcy\u00fck \u00f6nem ta\u015f\u0131yor.<br \/><\/p>\n","protected":false},"excerpt":{"rendered":"<p>Meteoroloji Genel M\u00fcd\u00fcrl\u00fc\u011f\u00fc\u2019nden yap\u0131lan son de\u011ferlendirmelere g\u00f6re, Mu\u011fla ve \u00e7evresi bu gece saatlerinden itibaren \u015fiddetli ya\u011f\u0131\u015flar\u0131n etkisi alt\u0131na giriyor. Uzmanlar sel, su bask\u0131n\u0131 ve k\u0131y\u0131 \u015feridinde hortum riskine kar\u015f\u0131 vatanda\u015flar\u0131 acil kodla uyard\u0131. Yap\u0131lan son tahminlere g\u00f6re, ya\u011f\u0131\u015fl\u0131 hava dalgas\u0131 bu gece saatlerinden itibaren \u00f6ncelikle Mu\u011fla\u2019n\u0131n do\u011fu il\u00e7elerinde etkisini g\u00f6sterecek. Pazar g\u00fcn\u00fc sabah saatlerinden itibaren&#8230;<\/p>\n","protected":false},"author":1,"featured_media":75446,"comment_status":"open","ping_status":"open","sticky":false,"template":"","format":"standard","meta":{"_crdt_document":"","footnotes":""},"categories":[1],"tags":[],"class_list":["post-75445","post","type-post","status-publish","format-standard","has-post-thumbnail","hentry","category-guncel"],"_links":{"self":[{"href":"https:\/\/www.egemtv.com\/index.php?rest_route=\/wp\/v2\/posts\/75445","targetHints":{"allow":["GET"]}}],"collection":[{"href":"https:\/\/www.egemtv.com\/index.php?rest_route=\/wp\/v2\/posts"}],"about":[{"href":"https:\/\/www.egemtv.com\/index.php?rest_route=\/wp\/v2\/types\/post"}],"author":[{"embeddable":true,"href":"https:\/\/www.egemtv.com\/index.php?rest_route=\/wp\/v2\/users\/1"}],"replies":[{"embeddable":true,"href":"https:\/\/www.egemtv.com\/index.php?rest_route=%2Fwp%2Fv2%2Fcomments&post=75445"}],"version-history":[{"count":1,"href":"https:\/\/www.egemtv.com\/index.php?rest_route=\/wp\/v2\/posts\/75445\/revisions"}],"predecessor-version":[{"id":75447,"href":"https:\/\/www.egemtv.com\/index.php?rest_route=\/wp\/v2\/posts\/75445\/revisions\/75447"}],"wp:featuredmedia":[{"embeddable":true,"href":"https:\/\/www.egemtv.com\/index.php?rest_route=\/wp\/v2\/media\/75446"}],"wp:attachment":[{"href":"https:\/\/www.egemtv.com\/index.php?rest_route=%2Fwp%2Fv2%2Fmedia&parent=75445"}],"wp:term":[{"taxonomy":"category","embeddable":true,"href":"https:\/\/www.egemtv.com\/index.php?rest_route=%2Fwp%2Fv2%2Fcategories&post=75445"},{"taxonomy":"post_tag","embeddable":true,"href":"https:\/\/www.egemtv.com\/index.php?rest_route=%2Fwp%2Fv2%2Ftags&post=75445"}],"curies":[{"name":"wp","href":"https:\/\/api.w.org\/{rel}","templated":true}]}}