{"id":75439,"date":"2025-12-20T13:55:03","date_gmt":"2025-12-20T10:55:03","guid":{"rendered":"https:\/\/www.egemtv.com\/?p=75439"},"modified":"2025-12-20T13:55:04","modified_gmt":"2025-12-20T10:55:04","slug":"mabolla-50inci-yil-sanat-etkinliginde-dunyaca-unlu-caz-ustalarini-agirladi","status":"publish","type":"post","link":"https:\/\/www.egemtv.com\/?p=75439","title":{"rendered":"Mabolla, 50\u2019inci y\u0131l sanat etkinli\u011finde d\u00fcnyaca \u00fcnl\u00fc Caz ustalar\u0131n\u0131 a\u011f\u0131rlad\u0131"},"content":{"rendered":"<p>Mabolla\u2019n\u0131n 50. y\u0131l sanat etkinlikleri kapsam\u0131nda d\u00fcnya caz sahnesinin \u00f6zg\u00fcn gitar \u00fcslubuyla tan\u0131nan isimlerinden Timu\u00e7in \u015eahin ve modern caz\u0131n efsanevi alto saksofoncular\u0131ndan Greg Osby, Mabolla\u2019da sahne ald\u0131.<br \/>\n<br \/>Mabolla Center\u2019da ger\u00e7ekle\u015fen konserde Timu\u00e7in \u015eahin ve Greg Osby\u2019ye, Avrupa caz\u0131n\u0131n parlayan kontrbas\u00e7\u0131lar\u0131ndan Michal Baranski ile New York sahnesinin dinamik davulcular\u0131ndan John Hadfield e\u015flik etti. Davetlilere \u00f6zel olarak d\u00fczenlenen ve 2 saat s\u00fcren konserde usta m\u00fczisyenler, gece boyunca kat\u0131l\u0131mc\u0131lara unutamayacaklar\u0131 bir caz gecesi ya\u015fatt\u0131. Konser sonunda m\u00fczisyenlerin sahne performans\u0131 geceye kat\u0131lanlar taraf\u0131ndan uzun s\u00fcre ayakta alk\u0131\u015fland\u0131. M\u00fczisyenler gecenin sonunda konser i\u00e7in tasarlanan afi\u015fi imzalad\u0131lar.<br \/>\n<br \/>Timu\u00e7in \u015eahin: &#8220;Mabolla\u2019da sahne almak b\u00fcy\u00fck bir keyif, b\u00fcy\u00fck bir gurur&#8221;<br \/>\n<br \/>Mabolla\u2019n\u0131n k\u00f6kl\u00fc ve \u00f6zenli bir anlay\u0131\u015fa sahip oldu\u011funu belirten Timu\u00e7in \u015eahin, &#8220;Bir\u00e7ok yerde \u00e7ald\u0131m, bir\u00e7ok yerde bulundum ama benim do\u011fdu\u011fum topraklarda b\u00f6yle bir k\u00fclt\u00fcr\u00fcn 50 y\u0131l\u0131 bulmas\u0131 \u00e7ok \u00f6nemli. O y\u00fczden G\u00f6khan A\u011fbi\u2019ye ki\u015fisel olarak te\u015fekk\u00fcr etmek istiyorum. Kendisi gibi kab\u0131na s\u0131\u011fmayan, asi ruhlu, radikal 2 evlat yeti\u015ftirdi\u011fi i\u00e7in ayr\u0131yeten te\u015fekk\u00fcr ediyorum&#8221; dedi.<br \/>\n<br \/>\u015eahin s\u00f6zlerini \u015f\u00f6yle s\u00fcrd\u00fcrd\u00fc: &#8220;Burada sahne almak bizim i\u00e7in b\u00fcy\u00fck bir gurur, b\u00fcy\u00fck bir keyif. Ben buran\u0131n varl\u0131\u011f\u0131ndan 1 y\u0131l \u00f6ncesine kadar haberdar de\u011fildim ama g\u00f6rd\u00fckten sonra ne kadar k\u00f6kl\u00fc, ne kadar \u00f6zenli bir anlay\u0131\u015f oldu\u011funun fark\u0131na vard\u0131m. \u00d6zellikle buray\u0131 kuran ve ya\u015fatan insanlarla olan ili\u015fkim ve arkada\u015fl\u0131\u011f\u0131m geli\u015ftik\u00e7e, \u00e7ok \u015fansl\u0131 hissediyorum kendimi; 1 y\u0131ld\u0131r k\u0131y\u0131s\u0131ndan k\u00f6\u015fesinden Mabolla\u2019n\u0131n etraf\u0131nda bulundu\u011fum i\u00e7in. Bug\u00fcn k\u0131ymetli insanlarla buraday\u0131z. Son 30 senedir caz d\u00fcnyas\u0131na damga vuran bir alto saksofoncu var yan\u0131m\u0131zda. Onunla Mu\u011fla\u2019ya gelmek benim i\u00e7in \u00e7ok \u00f6nemli; Mabolla\u2019ya gelmek ise en k\u0131ymetlisi&#8221;<br \/><\/p>\n","protected":false},"excerpt":{"rendered":"<p>Mabolla\u2019n\u0131n 50. y\u0131l sanat etkinlikleri kapsam\u0131nda d\u00fcnya caz sahnesinin \u00f6zg\u00fcn gitar \u00fcslubuyla tan\u0131nan isimlerinden Timu\u00e7in \u015eahin ve modern caz\u0131n efsanevi alto saksofoncular\u0131ndan Greg Osby, Mabolla\u2019da sahne ald\u0131. Mabolla Center\u2019da ger\u00e7ekle\u015fen konserde Timu\u00e7in \u015eahin ve Greg Osby\u2019ye, Avrupa caz\u0131n\u0131n parlayan kontrbas\u00e7\u0131lar\u0131ndan Michal Baranski ile New York sahnesinin dinamik davulcular\u0131ndan John Hadfield e\u015flik etti. Davetlilere \u00f6zel olarak&#8230;<\/p>\n","protected":false},"author":1,"featured_media":75440,"comment_status":"open","ping_status":"open","sticky":false,"template":"","format":"standard","meta":{"_crdt_document":"","footnotes":""},"categories":[1],"tags":[],"class_list":["post-75439","post","type-post","status-publish","format-standard","has-post-thumbnail","hentry","category-guncel"],"_links":{"self":[{"href":"https:\/\/www.egemtv.com\/index.php?rest_route=\/wp\/v2\/posts\/75439","targetHints":{"allow":["GET"]}}],"collection":[{"href":"https:\/\/www.egemtv.com\/index.php?rest_route=\/wp\/v2\/posts"}],"about":[{"href":"https:\/\/www.egemtv.com\/index.php?rest_route=\/wp\/v2\/types\/post"}],"author":[{"embeddable":true,"href":"https:\/\/www.egemtv.com\/index.php?rest_route=\/wp\/v2\/users\/1"}],"replies":[{"embeddable":true,"href":"https:\/\/www.egemtv.com\/index.php?rest_route=%2Fwp%2Fv2%2Fcomments&post=75439"}],"version-history":[{"count":1,"href":"https:\/\/www.egemtv.com\/index.php?rest_route=\/wp\/v2\/posts\/75439\/revisions"}],"predecessor-version":[{"id":75441,"href":"https:\/\/www.egemtv.com\/index.php?rest_route=\/wp\/v2\/posts\/75439\/revisions\/75441"}],"wp:featuredmedia":[{"embeddable":true,"href":"https:\/\/www.egemtv.com\/index.php?rest_route=\/wp\/v2\/media\/75440"}],"wp:attachment":[{"href":"https:\/\/www.egemtv.com\/index.php?rest_route=%2Fwp%2Fv2%2Fmedia&parent=75439"}],"wp:term":[{"taxonomy":"category","embeddable":true,"href":"https:\/\/www.egemtv.com\/index.php?rest_route=%2Fwp%2Fv2%2Fcategories&post=75439"},{"taxonomy":"post_tag","embeddable":true,"href":"https:\/\/www.egemtv.com\/index.php?rest_route=%2Fwp%2Fv2%2Ftags&post=75439"}],"curies":[{"name":"wp","href":"https:\/\/api.w.org\/{rel}","templated":true}]}}