{"id":75436,"date":"2025-12-20T13:55:02","date_gmt":"2025-12-20T10:55:02","guid":{"rendered":"https:\/\/www.egemtv.com\/?p=75436"},"modified":"2025-12-20T13:55:03","modified_gmt":"2025-12-20T10:55:03","slug":"yasi-200e-yaklasan-cinar-agaci-budandi","status":"publish","type":"post","link":"https:\/\/www.egemtv.com\/?p=75436","title":{"rendered":"Ya\u015f\u0131 200\u2019e yakla\u015fan \u00e7\u0131nar a\u011fac\u0131 budand\u0131"},"content":{"rendered":"<p>Ayd\u0131n\u2019\u0131n \u0130ncirliova il\u00e7esinde bulunan tarihi \u00e7\u0131nar a\u011fac\u0131n\u0131n devrilme riski ta\u015f\u0131mas\u0131 nedeniyle belediye ekipleri taraf\u0131ndan budamas\u0131 ger\u00e7ekle\u015ftirildi.<br \/>\n<br \/>\u0130ncirliova Belediyesi \u00f6n\u00fcnde bulunan ya\u015f\u0131 200\u2019e yak\u0131n olan tarihi \u00e7\u0131nar a\u011fac\u0131, f\u0131rt\u0131na \u00e7\u0131kt\u0131\u011f\u0131nda dallar\u0131 kopup caddeye ve kald\u0131r\u0131ma d\u00fc\u015f\u00fcyordu. Yoldan ge\u00e7en vatanda\u015flar\u0131n kopan dallardan yaralanmamas\u0131 i\u00e7in \u0130ncirliova Belediye Ba\u015fkan\u0131 Aytekin Kaya\u2019n\u0131 talimat\u0131 \u00fczerine ekipler bug\u00fcn harekete ge\u00e7ti. Vin\u00e7 yard\u0131m\u0131 ile \u00e7\u0131nar a\u011fac\u0131n\u0131n dallar\u0131 budand\u0131. Olduk\u00e7a hassas bir budama i\u015flemi yapan belediye ekipleri, hi\u00e7 kimseye zarar vermeden \u00e7\u0131nar\u0131n budamas\u0131n\u0131 ger\u00e7ekle\u015ftirdi. \u00c7evredeki vatanda\u015flar ise budama anlar\u0131n\u0131 merakl\u0131 g\u00f6zlerle izledi.<br \/>\n<br \/>Daha \u00f6nce de Ayd\u0131n B\u00fcy\u00fck\u015fehir Belediyesi ekipleri ile birlikte Sevgi Yolundaki a\u011fa\u00e7lar\u0131 buday\u0131p estetik bir g\u00f6r\u00fcn\u00fcme kavu\u015fturmu\u015flard\u0131. \u00d6n\u00fcm\u00fczdeki g\u00fcnlerde ekipler, il\u00e7enin di\u011fer noktalar\u0131nda bulunan a\u011fa\u00e7lar\u0131 bak\u0131ma almas\u0131 bekleniyor.<br \/><\/p>\n","protected":false},"excerpt":{"rendered":"<p>Ayd\u0131n\u2019\u0131n \u0130ncirliova il\u00e7esinde bulunan tarihi \u00e7\u0131nar a\u011fac\u0131n\u0131n devrilme riski ta\u015f\u0131mas\u0131 nedeniyle belediye ekipleri taraf\u0131ndan budamas\u0131 ger\u00e7ekle\u015ftirildi. \u0130ncirliova Belediyesi \u00f6n\u00fcnde bulunan ya\u015f\u0131 200\u2019e yak\u0131n olan tarihi \u00e7\u0131nar a\u011fac\u0131, f\u0131rt\u0131na \u00e7\u0131kt\u0131\u011f\u0131nda dallar\u0131 kopup caddeye ve kald\u0131r\u0131ma d\u00fc\u015f\u00fcyordu. Yoldan ge\u00e7en vatanda\u015flar\u0131n kopan dallardan yaralanmamas\u0131 i\u00e7in \u0130ncirliova Belediye Ba\u015fkan\u0131 Aytekin Kaya\u2019n\u0131 talimat\u0131 \u00fczerine ekipler bug\u00fcn harekete ge\u00e7ti. Vin\u00e7 yard\u0131m\u0131&#8230;<\/p>\n","protected":false},"author":1,"featured_media":75437,"comment_status":"open","ping_status":"open","sticky":false,"template":"","format":"standard","meta":{"_crdt_document":"","footnotes":""},"categories":[1],"tags":[],"class_list":["post-75436","post","type-post","status-publish","format-standard","has-post-thumbnail","hentry","category-guncel"],"_links":{"self":[{"href":"https:\/\/www.egemtv.com\/index.php?rest_route=\/wp\/v2\/posts\/75436","targetHints":{"allow":["GET"]}}],"collection":[{"href":"https:\/\/www.egemtv.com\/index.php?rest_route=\/wp\/v2\/posts"}],"about":[{"href":"https:\/\/www.egemtv.com\/index.php?rest_route=\/wp\/v2\/types\/post"}],"author":[{"embeddable":true,"href":"https:\/\/www.egemtv.com\/index.php?rest_route=\/wp\/v2\/users\/1"}],"replies":[{"embeddable":true,"href":"https:\/\/www.egemtv.com\/index.php?rest_route=%2Fwp%2Fv2%2Fcomments&post=75436"}],"version-history":[{"count":1,"href":"https:\/\/www.egemtv.com\/index.php?rest_route=\/wp\/v2\/posts\/75436\/revisions"}],"predecessor-version":[{"id":75438,"href":"https:\/\/www.egemtv.com\/index.php?rest_route=\/wp\/v2\/posts\/75436\/revisions\/75438"}],"wp:featuredmedia":[{"embeddable":true,"href":"https:\/\/www.egemtv.com\/index.php?rest_route=\/wp\/v2\/media\/75437"}],"wp:attachment":[{"href":"https:\/\/www.egemtv.com\/index.php?rest_route=%2Fwp%2Fv2%2Fmedia&parent=75436"}],"wp:term":[{"taxonomy":"category","embeddable":true,"href":"https:\/\/www.egemtv.com\/index.php?rest_route=%2Fwp%2Fv2%2Fcategories&post=75436"},{"taxonomy":"post_tag","embeddable":true,"href":"https:\/\/www.egemtv.com\/index.php?rest_route=%2Fwp%2Fv2%2Ftags&post=75436"}],"curies":[{"name":"wp","href":"https:\/\/api.w.org\/{rel}","templated":true}]}}