{"id":75433,"date":"2025-12-20T13:55:01","date_gmt":"2025-12-20T10:55:01","guid":{"rendered":"https:\/\/www.egemtv.com\/?p=75433"},"modified":"2025-12-20T13:55:02","modified_gmt":"2025-12-20T10:55:02","slug":"mugla-buyuksehirden-13-ilcede-cevre-temizligi-seferberligi","status":"publish","type":"post","link":"https:\/\/www.egemtv.com\/?p=75433","title":{"rendered":"Mu\u011fla B\u00fcy\u00fck\u015fehir\u2019den 13 il\u00e7ede \u00e7evre temizli\u011fi seferberli\u011fi"},"content":{"rendered":"<p>Mu\u011fla B\u00fcy\u00fck\u015fehir Belediyesi, \u00e7evre bilincini art\u0131rmak ve daha temiz bir kent olu\u015fturmak amac\u0131yla 13 il\u00e7ede e\u015f zamanl\u0131 olarak y\u00fcr\u00fct\u00fclecek \u00e7evre temizli\u011fi seferberli\u011finin ilk etab\u0131n\u0131 ge\u00e7ti\u011fimiz haftalarda Ula G\u00f6leti\u2019nde ba\u015flatm\u0131\u015ft\u0131. Seferberli\u011fin ikinci dura\u011f\u0131 ise Yata\u011fan oldu.<br \/>\n<br \/>Mu\u011fla B\u00fcy\u00fck\u015fehir Belediyesi ve Yata\u011fan Belediyesi koordinasyonunda ger\u00e7ekle\u015ftirilen \u00e7evre temizli\u011fine; Yata\u011fan Belediye Ba\u015fkan\u0131 Mesut G\u00fcnay, Mu\u011fla B\u00fcy\u00fck\u015fehir Belediyesi \u00c7evre Koruma ve Kontrol Dairesi Ba\u015fkan\u0131 Hicran Karab\u0131y\u0131k ile \u00e7ok say\u0131da vatanda\u015f kat\u0131ld\u0131. Temizlik \u00e7al\u0131\u015fmalar\u0131nda s\u00fcp\u00fcrge ara\u00e7lar\u0131, su tankerleri, \u00e7\u00f6p taksi ara\u00e7lar\u0131 ve temizlik personelleri g\u00f6rev ald\u0131.<br \/>\n<br \/>Mu\u011fla B\u00fcy\u00fck\u015fehir Belediyesi \u00c7evre Koruma ve Kontrol Dairesi Ba\u015fkan\u0131 Hicran Karab\u0131y\u0131k, &#8220;Ula\u2019da ba\u015flatt\u0131\u011f\u0131m\u0131z temizlik seferberli\u011fini bug\u00fcn Yata\u011fan\u2019da, Yata\u011fan Belediyemizle birlikte s\u00fcrd\u00fcr\u00fcyoruz. Amac\u0131m\u0131z Mu\u011fla\u2019n\u0131n t\u00fcm il\u00e7elerinde \u00e7evre temizli\u011fini toplumsal bir harekete d\u00f6n\u00fc\u015ft\u00fcrmek ve \u00e7evre fark\u0131ndal\u0131\u011f\u0131n\u0131 art\u0131rmak. Bug\u00fcn burada bizimle birlikte olan emek\u00e7i arkada\u015flar\u0131m\u0131za ve \u00e7evre duyarl\u0131l\u0131\u011f\u0131 g\u00f6steren vatanda\u015flar\u0131m\u0131za te\u015fekk\u00fcr ediyorum. Bu imk\u00e2n\u0131 sa\u011flayan Mu\u011fla B\u00fcy\u00fck\u015fehir Belediye Ba\u015fkan\u0131m\u0131z Say\u0131n Ahmet Aras\u2019a ve Yata\u011fan Belediye Ba\u015fkan\u0131m\u0131z Say\u0131n Mesut G\u00fcnay\u2019a te\u015fekk\u00fcr ederiz&#8221; dedi.<br \/>\n<br \/>Ba\u015fkan Aras &#8220;Temiz bir \u00e7evre, ortak sorumlulu\u011fumuzdur&#8221;<br \/>\n<br \/>K\u0131y\u0131 Ege Belediyeler Birli\u011fi ve Mu\u011fla B\u00fcy\u00fck\u015fehir Belediye Ba\u015fkan\u0131 Ahmet Aras, &#8220;Mu\u011fla\u2019m\u0131z\u0131n do\u011fas\u0131n\u0131, sokaklar\u0131n\u0131 ve ya\u015fam alanlar\u0131n\u0131 korumak hepimizin ortak sorumlulu\u011fudur. 13 il\u00e7emizi kapsayan \u00e7evre temizli\u011fi seferberli\u011fimizle yaln\u0131zca temizlik \u00e7al\u0131\u015fmas\u0131 yapm\u0131yor, ayn\u0131 zamanda \u00e7evre bilincini art\u0131rmay\u0131 hedefliyoruz. Ula\u2019da ba\u015flatt\u0131\u011f\u0131m\u0131z bu \u00e7al\u0131\u015fmay\u0131 Yata\u011fan\u2019da s\u00fcrd\u00fcrerek t\u00fcm il\u00e7elerimize yayaca\u011f\u0131z. B\u00fcy\u00fck\u015fehir ve il\u00e7e belediyelerimizin i\u015f birli\u011fiyle, vatanda\u015flar\u0131m\u0131z\u0131n da deste\u011fiyle daha temiz, daha ya\u015fanabilir bir Mu\u011fla i\u00e7in \u00e7al\u0131\u015fmaya devam edece\u011fiz&#8221; dedi.<br \/><\/p>\n","protected":false},"excerpt":{"rendered":"<p>Mu\u011fla B\u00fcy\u00fck\u015fehir Belediyesi, \u00e7evre bilincini art\u0131rmak ve daha temiz bir kent olu\u015fturmak amac\u0131yla 13 il\u00e7ede e\u015f zamanl\u0131 olarak y\u00fcr\u00fct\u00fclecek \u00e7evre temizli\u011fi seferberli\u011finin ilk etab\u0131n\u0131 ge\u00e7ti\u011fimiz haftalarda Ula G\u00f6leti\u2019nde ba\u015flatm\u0131\u015ft\u0131. Seferberli\u011fin ikinci dura\u011f\u0131 ise Yata\u011fan oldu. Mu\u011fla B\u00fcy\u00fck\u015fehir Belediyesi ve Yata\u011fan Belediyesi koordinasyonunda ger\u00e7ekle\u015ftirilen \u00e7evre temizli\u011fine; Yata\u011fan Belediye Ba\u015fkan\u0131 Mesut G\u00fcnay, Mu\u011fla B\u00fcy\u00fck\u015fehir Belediyesi \u00c7evre Koruma&#8230;<\/p>\n","protected":false},"author":1,"featured_media":75434,"comment_status":"open","ping_status":"open","sticky":false,"template":"","format":"standard","meta":{"_crdt_document":"","footnotes":""},"categories":[1],"tags":[],"class_list":["post-75433","post","type-post","status-publish","format-standard","has-post-thumbnail","hentry","category-guncel"],"_links":{"self":[{"href":"https:\/\/www.egemtv.com\/index.php?rest_route=\/wp\/v2\/posts\/75433","targetHints":{"allow":["GET"]}}],"collection":[{"href":"https:\/\/www.egemtv.com\/index.php?rest_route=\/wp\/v2\/posts"}],"about":[{"href":"https:\/\/www.egemtv.com\/index.php?rest_route=\/wp\/v2\/types\/post"}],"author":[{"embeddable":true,"href":"https:\/\/www.egemtv.com\/index.php?rest_route=\/wp\/v2\/users\/1"}],"replies":[{"embeddable":true,"href":"https:\/\/www.egemtv.com\/index.php?rest_route=%2Fwp%2Fv2%2Fcomments&post=75433"}],"version-history":[{"count":1,"href":"https:\/\/www.egemtv.com\/index.php?rest_route=\/wp\/v2\/posts\/75433\/revisions"}],"predecessor-version":[{"id":75435,"href":"https:\/\/www.egemtv.com\/index.php?rest_route=\/wp\/v2\/posts\/75433\/revisions\/75435"}],"wp:featuredmedia":[{"embeddable":true,"href":"https:\/\/www.egemtv.com\/index.php?rest_route=\/wp\/v2\/media\/75434"}],"wp:attachment":[{"href":"https:\/\/www.egemtv.com\/index.php?rest_route=%2Fwp%2Fv2%2Fmedia&parent=75433"}],"wp:term":[{"taxonomy":"category","embeddable":true,"href":"https:\/\/www.egemtv.com\/index.php?rest_route=%2Fwp%2Fv2%2Fcategories&post=75433"},{"taxonomy":"post_tag","embeddable":true,"href":"https:\/\/www.egemtv.com\/index.php?rest_route=%2Fwp%2Fv2%2Ftags&post=75433"}],"curies":[{"name":"wp","href":"https:\/\/api.w.org\/{rel}","templated":true}]}}