{"id":75430,"date":"2025-12-20T13:34:55","date_gmt":"2025-12-20T10:34:55","guid":{"rendered":"https:\/\/www.egemtv.com\/?p=75430"},"modified":"2025-12-20T13:34:56","modified_gmt":"2025-12-20T10:34:56","slug":"gokdelende-nefes-kesen-tatbikat","status":"publish","type":"post","link":"https:\/\/www.egemtv.com\/?p=75430","title":{"rendered":"G\u00f6kdelende nefes kesen tatbikat"},"content":{"rendered":"<p>\u0130zmir\u2019de itfaiye ekipleri, Bayrakl\u0131\u2019daki 47 katl\u0131 bir g\u00f6kdelende ger\u00e7ekle\u015ftirdikleri yang\u0131n ve arama kurtarma tatbikat\u0131yla ger\u00e7e\u011fi aratmayan bir operasyona imza att\u0131. Senaryo gere\u011fi 11. katta mahsur kalan bir personelin saniyelerle yar\u0131\u015farak kurtar\u0131ld\u0131\u011f\u0131 dev tatbikatta, y\u00fcksek katl\u0131 binalarda tahliye yollar\u0131n\u0131n \u00f6nemi ve acil m\u00fcdahale kapasitesi sahada test edildi.<br \/>\n<br \/>\u0130zmir B\u00fcy\u00fck\u015fehir Belediyesi \u0130tfaiye Dairesi Ba\u015fkanl\u0131\u011f\u0131 ekipleri, y\u00fcksek katl\u0131 binalarda muhtemel yang\u0131n ve acil durumlara haz\u0131rl\u0131k amac\u0131yla Bayrakl\u0131 g\u00f6kdelenler b\u00f6lgesinde bulunan 47 katl\u0131 bir binada kapsaml\u0131 bir yang\u0131n ve arama kurtarma tatbikat\u0131 ger\u00e7ekle\u015ftirdi. Senaryoya g\u00f6re, binan\u0131n 11. kat\u0131ndaki temizlik odas\u0131nda sigaran\u0131n s\u00f6nd\u00fcr\u00fclmeden at\u0131lmas\u0131 sonucu \u00e7\u0131kan yang\u0131n k\u0131sa s\u00fcrede b\u00fcy\u00fcd\u00fc. \u00c7al\u0131\u015fanlar 112 Acil \u00c7a\u011fr\u0131 Merkezi\u2019ne haber verdi. Olay yerine h\u0131zla ula\u015fan itfaiye ekipleri, mahsur kalan bir personeli g\u00fcvenli \u015fekilde kurtar\u0131rken, yang\u0131n\u0131 da kontrol alt\u0131na ald\u0131. Dumandan etkilenen ki\u015fi AKS ekiplerince ilk m\u00fcdahaleyi ald\u0131.<\/p>\n<p>Y\u00fcksek katl\u0131 binalarda tatbikat can g\u00fcvenli\u011finin anahtar\u0131<br \/>\n<br \/>\u0130tfaiye Merkez B\u00f6lge 3. Posta Amiri Yi\u011fit Uygun, y\u00fcksek katl\u0131 binalarda yap\u0131lan tatbikatlar\u0131n can g\u00fcvenli\u011fi a\u00e7\u0131s\u0131ndan kritik oldu\u011funu belirterek, &#8220;Bu yap\u0131larda \u00e7ok say\u0131da insan bulunuyor. Tatbikatlar, insanlar\u0131n tahliye yollar\u0131n\u0131 \u00f6\u011frenmesi ve acil durumlarda g\u00fcvenli hareket etmeleri i\u00e7in b\u00fcy\u00fck \u00f6nem ta\u015f\u0131yor. Tatbikatlar sayesinde hem bina kullan\u0131c\u0131lar\u0131 ka\u00e7\u0131\u015f yollar\u0131n\u0131 \u00f6\u011freniyor hem de bu yollar\u0131n g\u00f6r\u00fcn\u00fcrl\u00fc\u011f\u00fc ve eri\u015filebilirli\u011fi sahada test ediliyor. Ama\u00e7, muhtemel bir durumda can kayb\u0131 ya\u015fanmadan s\u00fcrecin y\u00f6netilmesini sa\u011flamak&#8221; dedi.<br \/><\/p>\n","protected":false},"excerpt":{"rendered":"<p>\u0130zmir\u2019de itfaiye ekipleri, Bayrakl\u0131\u2019daki 47 katl\u0131 bir g\u00f6kdelende ger\u00e7ekle\u015ftirdikleri yang\u0131n ve arama kurtarma tatbikat\u0131yla ger\u00e7e\u011fi aratmayan bir operasyona imza att\u0131. Senaryo gere\u011fi 11. katta mahsur kalan bir personelin saniyelerle yar\u0131\u015farak kurtar\u0131ld\u0131\u011f\u0131 dev tatbikatta, y\u00fcksek katl\u0131 binalarda tahliye yollar\u0131n\u0131n \u00f6nemi ve acil m\u00fcdahale kapasitesi sahada test edildi. \u0130zmir B\u00fcy\u00fck\u015fehir Belediyesi \u0130tfaiye Dairesi Ba\u015fkanl\u0131\u011f\u0131 ekipleri, y\u00fcksek katl\u0131&#8230;<\/p>\n","protected":false},"author":1,"featured_media":75431,"comment_status":"open","ping_status":"open","sticky":false,"template":"","format":"standard","meta":{"_crdt_document":"","footnotes":""},"categories":[1],"tags":[],"class_list":["post-75430","post","type-post","status-publish","format-standard","has-post-thumbnail","hentry","category-guncel"],"_links":{"self":[{"href":"https:\/\/www.egemtv.com\/index.php?rest_route=\/wp\/v2\/posts\/75430","targetHints":{"allow":["GET"]}}],"collection":[{"href":"https:\/\/www.egemtv.com\/index.php?rest_route=\/wp\/v2\/posts"}],"about":[{"href":"https:\/\/www.egemtv.com\/index.php?rest_route=\/wp\/v2\/types\/post"}],"author":[{"embeddable":true,"href":"https:\/\/www.egemtv.com\/index.php?rest_route=\/wp\/v2\/users\/1"}],"replies":[{"embeddable":true,"href":"https:\/\/www.egemtv.com\/index.php?rest_route=%2Fwp%2Fv2%2Fcomments&post=75430"}],"version-history":[{"count":1,"href":"https:\/\/www.egemtv.com\/index.php?rest_route=\/wp\/v2\/posts\/75430\/revisions"}],"predecessor-version":[{"id":75432,"href":"https:\/\/www.egemtv.com\/index.php?rest_route=\/wp\/v2\/posts\/75430\/revisions\/75432"}],"wp:featuredmedia":[{"embeddable":true,"href":"https:\/\/www.egemtv.com\/index.php?rest_route=\/wp\/v2\/media\/75431"}],"wp:attachment":[{"href":"https:\/\/www.egemtv.com\/index.php?rest_route=%2Fwp%2Fv2%2Fmedia&parent=75430"}],"wp:term":[{"taxonomy":"category","embeddable":true,"href":"https:\/\/www.egemtv.com\/index.php?rest_route=%2Fwp%2Fv2%2Fcategories&post=75430"},{"taxonomy":"post_tag","embeddable":true,"href":"https:\/\/www.egemtv.com\/index.php?rest_route=%2Fwp%2Fv2%2Ftags&post=75430"}],"curies":[{"name":"wp","href":"https:\/\/api.w.org\/{rel}","templated":true}]}}