{"id":75385,"date":"2025-12-20T11:34:53","date_gmt":"2025-12-20T08:34:53","guid":{"rendered":"https:\/\/www.egemtv.com\/?p=75385"},"modified":"2025-12-20T11:34:54","modified_gmt":"2025-12-20T08:34:54","slug":"turizmde-yabanci-turist-acigini-yerli-turist-kapatti","status":"publish","type":"post","link":"https:\/\/www.egemtv.com\/?p=75385","title":{"rendered":"&#8220;Turizmde yabanc\u0131 turist a\u00e7\u0131\u011f\u0131n\u0131 yerli turist kapatt\u0131&#8221;"},"content":{"rendered":"<p>T\u00fcrkiye\u2019nin \u00f6nde gelen turizm yat\u0131r\u0131mc\u0131lar\u0131ndan K\u0131z\u0131lb\u00fck GYO\u2019nun Genel M\u00fcd\u00fcr\u00fc Mahmut Sefa \u00c7elik, 2025 turizm sezonu ve sekt\u00f6r\u00fcn 2026 y\u0131l\u0131ndan beklentilerini de\u011ferlendirdi. 2025 turizm sezonunun kendileri a\u00e7\u0131s\u0131ndan olduk\u00e7a \u00f6\u011fretici ve d\u00f6n\u00fc\u015f\u00fcm\u00fcn net bi\u00e7imde hissedildi\u011fi bir y\u0131l oldu\u011funu kaydeden \u00c7elik, &#8220;Yabanc\u0131 turistteki dalgalanma, yerli turistin daha aktif hale gelmesiyle b\u00fcy\u00fck \u00f6l\u00e7\u00fcde dengelendi. Ancak bunun kal\u0131c\u0131 ve s\u00fcrd\u00fcr\u00fclebilir olmas\u0131 i\u00e7in sezonu birka\u00e7 aya s\u0131k\u0131\u015ft\u0131rmak yerine 12 aya yaymam\u0131z gerekiyor&#8221; dedi.<br \/>\n<br \/>T\u00fcrkiye\u2019nin ve \u00f6zellikle Ege B\u00f6lgesi\u2019nin do\u011fal, k\u00fclt\u00fcrel ve gastronomik kaynaklar\u0131n\u0131n turizmin 12 aya yay\u0131lmas\u0131 bak\u0131m\u0131ndan fazlas\u0131yla uygun bir co\u011frafya oldu\u011funu kaydeden K\u0131z\u0131lb\u00fck GYO Genel M\u00fcd\u00fcr\u00fc Mahmut Sefa \u00c7elik, &#8220;K\u0131s\u0131tlanm\u0131\u015f sezonlar\u0131n yerine kaynaklar\u0131 uluslararas\u0131 standartlar\u0131n sunuldu\u011fu tesislerle y\u0131l boyu sunmal\u0131y\u0131z.  Biz de bu d\u00f6n\u00fc\u015f\u00fcm\u00fcn birebir i\u00e7inde yer ald\u0131k. Bulundu\u011fumuz b\u00f6lgenin al\u0131\u015f\u0131lm\u0131\u015f sezon mant\u0131\u011f\u0131n\u0131n d\u0131\u015f\u0131na \u00e7\u0131karak termal konseptimizle 12 ay a\u00e7\u0131k kalmay\u0131 hedefleyerek tesisimizi a\u00e7t\u0131k. Hen\u00fcz soft opening s\u00fcrecinde olmam\u0131za ra\u011fmen, Marmaris\u2019te y\u0131llard\u0131r \u2018\u00f6l\u00fc sezon\u2019 olarak g\u00f6r\u00fclen d\u00f6nemin bizimle birlikte hareketlendi\u011fini net \u015fekilde g\u00f6zlemledik. Sadece tesisimiz de\u011fil, Akyaka, K\u00f6yce\u011fiz gibi \u00e7evre b\u00f6lgenin genelinde de ciddi bir canl\u0131l\u0131k s\u00f6z konusu&#8221; diyerek yat\u0131r\u0131mc\u0131 kurum olarak b\u00f6lgeye \u00f6nemli bir hareket getirmenin mutlulu\u011funu ya\u015fad\u0131klar\u0131n\u0131 kaydetti.<br \/>\n<br \/>&#8220;Kendi de\u011ferlerimizle a\u00e7\u0131\u011f\u0131 kapatmal\u0131y\u0131z&#8221;<br \/>\n<br \/>K\u0131z\u0131lb\u00fck GYO\u2019nun bulundu\u011fu \u0130\u00e7meler \u00f6zelinde bak\u0131ld\u0131\u011f\u0131nda d\u00f6n\u00fc\u015f\u00fcm\u00fcn \u00e7ok net olarak g\u00f6r\u00fcld\u00fc\u011f\u00fcn\u00fc kaydeden \u00c7elik, &#8220;B\u00f6lge yava\u015f yava\u015f farkl\u0131 bir kimli\u011fe b\u00fcr\u00fcn\u00fcyor. Marmaris\u2019in pop\u00fcler restoranlar\u0131nda da yaz\u0131n gelen misafirlerin art\u0131k k\u0131\u015f\u0131n da gelmeye devam etti\u011fi ve bu nedenle i\u015fletmelerin k\u0131\u015f d\u00f6neminde de a\u00e7\u0131k kalmay\u0131 planlad\u0131\u011f\u0131 konu\u015fuluyor. S\u00f6\u011f\u00fct, Selimiye, Bozburun gibi noktalarda da sezon d\u0131\u015f\u0131nda b\u00fcy\u00fck bir hareketlenme var. Yerli turist bu a\u00e7\u0131\u011f\u0131 kapatmakla kalmad\u0131; turizmi d\u00f6n\u00fc\u015ft\u00fcrmeye ba\u015flad\u0131. 2026 beklentimiz, bu ivmenin daha planl\u0131 yat\u0131r\u0131mlar ve do\u011fru konseptlerle g\u00fc\u00e7lenmesi. Biz de bu d\u00f6n\u00fc\u015f\u00fcm\u00fcn bir par\u00e7as\u0131 olmaya, sezonu y\u0131la yayma hedefiyle b\u00f6lgemize ve misafirlerimize de\u011fer katmaya devam edece\u011fiz&#8221; dedi.<br \/>\n<br \/>T\u00fcrkiye turizm sekt\u00f6r\u00fc ve \u00f6zellikle Marmaris gibi destinasyonlar a\u00e7\u0131s\u0131ndan mevcut durumu de\u011ferlendiren Genel M\u00fcd\u00fcr \u00c7elik, sekt\u00f6rdeki f\u0131rsatlar ve kar\u015f\u0131la\u015f\u0131lan zorluklar hakk\u0131nda da bilgiler verdi.<br \/>\n<br \/>T\u00fcrkiye turizminin, son y\u0131llarda \u00f6nemli bir d\u00f6n\u00fc\u015f\u00fcm a\u015famas\u0131ndan ge\u00e7ti\u011fini belirten \u00c7elik, &#8220;Art\u0131k tek odak yaz tatili olmaktan \u00e7\u0131kt\u0131. Sa\u011fl\u0131k turizmi, s\u00fcrd\u00fcr\u00fclebilir turizm, do\u011fa ve macera turizmi, spor turizmi, wellness ve kongre turizmi gibi ba\u015fl\u0131klar \u00f6ne \u00e7\u0131k\u0131yor. Marmaris ise termal kaynaklar\u0131, do\u011fa-k\u00fclt\u00fcr-mavi tur \u00fc\u00e7l\u00fcs\u00fc, gastronomi potansiyeli ve eri\u015filebilirli\u011fi ile bu d\u00f6n\u00fc\u015f\u00fcm\u00fcn merkezinde konumlanmaya \u00e7ok uygun bir destinasyon.<br \/>\n<br \/>B\u00f6lgemizin en b\u00fcy\u00fck zorlu\u011fu sezonun k\u0131sa olmas\u0131yd\u0131. K\u0131z\u0131lb\u00fck gibi projeler bu d\u00f6ng\u00fcy\u00fc k\u0131rarak b\u00f6lgeyi d\u00f6rt mevsim turizmine haz\u0131rl\u0131yor. Hedefimiz, Marmaris\u2019i yaln\u0131zca yaz sezonunda de\u011fil; y\u0131l boyunca tercih edilen bir d\u00fcnya destinasyonu haline getirmek&#8221; diyerek hedeflerine emin ad\u0131mlarla y\u00fcr\u00fcd\u00fcklerini kaydetti.<br \/>\n<br \/>K\u0131z\u0131lb\u00fck Thermal Wellness Resort\u2019un Marmaris ve \u00e7evresinin ekonomik, sosyal ve turistik geli\u015fimine katk\u0131 sa\u011flamas\u0131 i\u00e7in belirledikleri hedeflerden de s\u00f6z eden \u00c7elik, &#8220;K\u0131z\u0131lb\u00fck Thermal Wellness Resort, hen\u00fcz tam kapasiteyle hizmet vermeden ve soft opening a\u015famas\u0131ndayken dahi 138 bin metrekarelik peyzaj d\u00fczenlemesi, 11 bini a\u015fk\u0131n a\u011fa\u00e7 ve bitkiyle donat\u0131lm\u0131\u015f ya\u015fam alanlar\u0131, 37 bin metrekareyi a\u015fan k\u0131y\u0131 \u015feridi, geni\u015f plaj alanlar\u0131, a\u00e7\u0131k ve kapal\u0131 havuzlar\u0131, su park\u0131 ve \u00e7ocuklara \u00f6zel tasarlanm\u0131\u015f oyun alanlar\u0131yla Marmaris\u2019te ilk kez d\u00f6rt mevsim turist a\u011f\u0131rlayan bir destinasyon olu\u015fturdu. Yaz sezonuyla s\u0131n\u0131rl\u0131 geleneksel turizm d\u00f6ng\u00fcs\u00fcn\u00fc k\u0131rarak b\u00f6lgenin ekonomik \u00e7arpan etkisini y\u0131l\u0131n 12 ay\u0131na yaymay\u0131 ba\u015fard\u0131k. Bu yeni model, sezonluk istihdamdan kal\u0131c\u0131 istihdama ge\u00e7i\u015fi h\u0131zland\u0131rd\u0131; yerel i\u015fletmelerin ve tedarik zincirlerinin kesintisiz faaliyet g\u00f6stermesine olanak sa\u011flad\u0131.<br \/>\n<br \/>Tesisimizin yerel \u00fcreticilerden yapt\u0131\u011f\u0131 g\u0131da, teknik servis, peyzaj ve hizmet al\u0131mlar\u0131 esnaf\u0131n t\u00fcm y\u0131l boyunca gelir olu\u015fturmas\u0131na katk\u0131 sunuyor. Bu s\u00fcrd\u00fcr\u00fclebilir ekonomik canl\u0131l\u0131k, \u00e7evre b\u00f6lgelerde yeni restoranlar\u0131n, kafelerin, butik i\u015fletmelerin ve ulusal zincir markalar\u0131n yat\u0131r\u0131m i\u015ftah\u0131n\u0131 belirgin bi\u00e7imde artt\u0131r\u0131yor.<br \/>\n<br \/>Misafirlerimizin K\u0131z\u0131lb\u00fck\u2019teki konaklamalar\u0131n\u0131 \u00e7evre k\u00f6ylere, koylara, do\u011fa rotalar\u0131na ve b\u00f6lgesel \u00e7ekim merkezlerine y\u00f6nelik gezilerle desteklemesi sayesinde, turistik hareketlilik yaln\u0131zca \u0130\u00e7meler\u2019de de\u011fil; Bozburun\u2019dan Dat\u00e7a hatt\u0131na uzanan geni\u015f bir co\u011frafyada art\u0131yor.<br \/>\n<br \/>K\u0131z\u0131lb\u00fck, Marmaris\u2019e sadece ek konaklama kapasitesi kazand\u0131rmakla kalm\u0131yor; b\u00f6lgenin turizm ekonomisini b\u00fcy\u00fcten, sosyal ya\u015fam\u0131 canland\u0131ran ve d\u00f6rt mevsim turizmin m\u00fcmk\u00fcn oldu\u011funu somut bi\u00e7imde ortaya koyan bir d\u00f6n\u00fc\u015f\u00fcm modeli olarak \u00f6ne \u00e7\u0131k\u0131yor&#8221; dedi.<br \/>\n<br \/>&#8220;Kongre turizmindeki bo\u015flu\u011fu da dolduraca\u011f\u0131z&#8221;<br \/>\n<br \/>K\u0131z\u0131lb\u00fck Thermal Wellness Resort, kongre ve etkinlik turizmi a\u00e7\u0131s\u0131ndan Marmaris\u2019e \u00f6nemli bir katk\u0131 sunaca\u011f\u0131n\u0131 kaydeden Genel M\u00fcd\u00fcr Mahmut Sefa \u00c7elik, &#8220;D\u00fcnya genelinde y\u0131ll\u0131k 11 bini a\u015fan uluslararas\u0131 kongre say\u0131s\u0131na kar\u015f\u0131n T\u00fcrkiye\u2019nin 112 kongreyle 33. s\u0131rada yer almas\u0131, bu alanda \u00f6nemli bir potansiyel oldu\u011funa i\u015faret ediyor. Marmaris ise do\u011fal g\u00fczellikleri, iklimi, konaklama kapasitesi ve ula\u015f\u0131m kolayl\u0131\u011f\u0131 ile kongre turizmi i\u00e7in g\u00fc\u00e7l\u00fc bir alternatif. K\u0131z\u0131lb\u00fck\u2019\u00fcn 950 ki\u015filik, son teknolojiyle donat\u0131lm\u0131\u015f kongre ve etkinlik merkezi, b\u00f6lgede bu \u00f6l\u00e7ekte ba\u015fka bir tesis bulunmad\u0131\u011f\u0131 i\u00e7in Marmaris\u2019in kongre turizmi a\u00e7\u0131s\u0131ndan \u00e7\u0131tas\u0131n\u0131 ciddi bi\u00e7imde y\u00fckseltiyor. B\u00f6ylece i\u015f d\u00fcnyas\u0131, uluslararas\u0131 birlikler, spor organizasyonlar\u0131, seminerler ve \u015firket toplant\u0131lar\u0131 i\u00e7in d\u00f6rt mevsim kullan\u0131labilen bir altyap\u0131 ortaya \u00e7\u0131k\u0131yor. Bu da turistik hareketlili\u011fin y\u0131l i\u00e7ine yay\u0131lmas\u0131n\u0131, b\u00f6lge ekonomisinin canl\u0131 kalmas\u0131n\u0131 ve Marmaris\u2019in marka de\u011ferinin uluslararas\u0131 arenada y\u00fckselmesini sa\u011fl\u0131yor&#8221; ifadelerine yer verdi.<br \/><\/p>\n","protected":false},"excerpt":{"rendered":"<p>T\u00fcrkiye\u2019nin \u00f6nde gelen turizm yat\u0131r\u0131mc\u0131lar\u0131ndan K\u0131z\u0131lb\u00fck GYO\u2019nun Genel M\u00fcd\u00fcr\u00fc Mahmut Sefa \u00c7elik, 2025 turizm sezonu ve sekt\u00f6r\u00fcn 2026 y\u0131l\u0131ndan beklentilerini de\u011ferlendirdi. 2025 turizm sezonunun kendileri a\u00e7\u0131s\u0131ndan olduk\u00e7a \u00f6\u011fretici ve d\u00f6n\u00fc\u015f\u00fcm\u00fcn net bi\u00e7imde hissedildi\u011fi bir y\u0131l oldu\u011funu kaydeden \u00c7elik, &#8220;Yabanc\u0131 turistteki dalgalanma, yerli turistin daha aktif hale gelmesiyle b\u00fcy\u00fck \u00f6l\u00e7\u00fcde dengelendi. Ancak bunun kal\u0131c\u0131 ve s\u00fcrd\u00fcr\u00fclebilir&#8230;<\/p>\n","protected":false},"author":1,"featured_media":75386,"comment_status":"open","ping_status":"open","sticky":false,"template":"","format":"standard","meta":{"_crdt_document":"","footnotes":""},"categories":[125],"tags":[],"class_list":["post-75385","post","type-post","status-publish","format-standard","has-post-thumbnail","hentry","category-ekonomi"],"_links":{"self":[{"href":"https:\/\/www.egemtv.com\/index.php?rest_route=\/wp\/v2\/posts\/75385","targetHints":{"allow":["GET"]}}],"collection":[{"href":"https:\/\/www.egemtv.com\/index.php?rest_route=\/wp\/v2\/posts"}],"about":[{"href":"https:\/\/www.egemtv.com\/index.php?rest_route=\/wp\/v2\/types\/post"}],"author":[{"embeddable":true,"href":"https:\/\/www.egemtv.com\/index.php?rest_route=\/wp\/v2\/users\/1"}],"replies":[{"embeddable":true,"href":"https:\/\/www.egemtv.com\/index.php?rest_route=%2Fwp%2Fv2%2Fcomments&post=75385"}],"version-history":[{"count":1,"href":"https:\/\/www.egemtv.com\/index.php?rest_route=\/wp\/v2\/posts\/75385\/revisions"}],"predecessor-version":[{"id":75387,"href":"https:\/\/www.egemtv.com\/index.php?rest_route=\/wp\/v2\/posts\/75385\/revisions\/75387"}],"wp:featuredmedia":[{"embeddable":true,"href":"https:\/\/www.egemtv.com\/index.php?rest_route=\/wp\/v2\/media\/75386"}],"wp:attachment":[{"href":"https:\/\/www.egemtv.com\/index.php?rest_route=%2Fwp%2Fv2%2Fmedia&parent=75385"}],"wp:term":[{"taxonomy":"category","embeddable":true,"href":"https:\/\/www.egemtv.com\/index.php?rest_route=%2Fwp%2Fv2%2Fcategories&post=75385"},{"taxonomy":"post_tag","embeddable":true,"href":"https:\/\/www.egemtv.com\/index.php?rest_route=%2Fwp%2Fv2%2Ftags&post=75385"}],"curies":[{"name":"wp","href":"https:\/\/api.w.org\/{rel}","templated":true}]}}