{"id":75382,"date":"2025-12-20T11:34:53","date_gmt":"2025-12-20T08:34:53","guid":{"rendered":"https:\/\/www.egemtv.com\/?p=75382"},"modified":"2025-12-20T11:34:53","modified_gmt":"2025-12-20T08:34:53","slug":"burdurda-emekli-ogretmen-evinde-olu-bulundu","status":"publish","type":"post","link":"https:\/\/www.egemtv.com\/?p=75382","title":{"rendered":"Burdur\u2019da emekli \u00f6\u011fretmen evinde \u00f6l\u00fc bulundu"},"content":{"rendered":"<p>Burdur\u2019da yaln\u0131z ya\u015fayan 81 ya\u015f\u0131ndaki emekli \u00f6\u011fretmen evinde \u00f6l\u00fc bulundu.<br \/>\n<br \/>Olay, d\u00fcn Fevzi \u00c7akmak Mahallesi 23007 Sokak \u00fczerinde bulunan bir evden meydana geldi. Edinilen bilgiye g\u00f6re, evinde yaln\u0131z ya\u015fayan \u00d6mer Demirci (81), evine gelen yak\u0131nlar\u0131 taraf\u0131ndan hareketsiz halde bulundu. \u0130hbar \u00fczerine olay yerine polis ve sa\u011fl\u0131k ekipleri sevk edildi. Sa\u011fl\u0131k ekipleri taraf\u0131ndan yap\u0131lan kontrolde \u00d6mer Demirci\u2019nin hayat\u0131n\u0131 kaybetti\u011fi belirlendi. Demirci\u2019nin cenazesi Burdur Devlet Hastanesi morguna g\u00f6t\u00fcr\u00fcl\u00fcrken bug\u00fcn memleketi Burdur\u2019un Karamanl\u0131 il\u00e7esinde topra\u011fa verilece\u011fi \u00f6\u011frenildi.<br \/><\/p>\n","protected":false},"excerpt":{"rendered":"<p>Burdur\u2019da yaln\u0131z ya\u015fayan 81 ya\u015f\u0131ndaki emekli \u00f6\u011fretmen evinde \u00f6l\u00fc bulundu. Olay, d\u00fcn Fevzi \u00c7akmak Mahallesi 23007 Sokak \u00fczerinde bulunan bir evden meydana geldi. Edinilen bilgiye g\u00f6re, evinde yaln\u0131z ya\u015fayan \u00d6mer Demirci (81), evine gelen yak\u0131nlar\u0131 taraf\u0131ndan hareketsiz halde bulundu. \u0130hbar \u00fczerine olay yerine polis ve sa\u011fl\u0131k ekipleri sevk edildi. Sa\u011fl\u0131k ekipleri taraf\u0131ndan yap\u0131lan kontrolde \u00d6mer&#8230;<\/p>\n","protected":false},"author":1,"featured_media":75383,"comment_status":"open","ping_status":"open","sticky":false,"template":"","format":"standard","meta":{"_crdt_document":"","footnotes":""},"categories":[5],"tags":[],"class_list":["post-75382","post","type-post","status-publish","format-standard","has-post-thumbnail","hentry","category-asayis"],"_links":{"self":[{"href":"https:\/\/www.egemtv.com\/index.php?rest_route=\/wp\/v2\/posts\/75382","targetHints":{"allow":["GET"]}}],"collection":[{"href":"https:\/\/www.egemtv.com\/index.php?rest_route=\/wp\/v2\/posts"}],"about":[{"href":"https:\/\/www.egemtv.com\/index.php?rest_route=\/wp\/v2\/types\/post"}],"author":[{"embeddable":true,"href":"https:\/\/www.egemtv.com\/index.php?rest_route=\/wp\/v2\/users\/1"}],"replies":[{"embeddable":true,"href":"https:\/\/www.egemtv.com\/index.php?rest_route=%2Fwp%2Fv2%2Fcomments&post=75382"}],"version-history":[{"count":1,"href":"https:\/\/www.egemtv.com\/index.php?rest_route=\/wp\/v2\/posts\/75382\/revisions"}],"predecessor-version":[{"id":75384,"href":"https:\/\/www.egemtv.com\/index.php?rest_route=\/wp\/v2\/posts\/75382\/revisions\/75384"}],"wp:featuredmedia":[{"embeddable":true,"href":"https:\/\/www.egemtv.com\/index.php?rest_route=\/wp\/v2\/media\/75383"}],"wp:attachment":[{"href":"https:\/\/www.egemtv.com\/index.php?rest_route=%2Fwp%2Fv2%2Fmedia&parent=75382"}],"wp:term":[{"taxonomy":"category","embeddable":true,"href":"https:\/\/www.egemtv.com\/index.php?rest_route=%2Fwp%2Fv2%2Fcategories&post=75382"},{"taxonomy":"post_tag","embeddable":true,"href":"https:\/\/www.egemtv.com\/index.php?rest_route=%2Fwp%2Fv2%2Ftags&post=75382"}],"curies":[{"name":"wp","href":"https:\/\/api.w.org\/{rel}","templated":true}]}}