{"id":75379,"date":"2025-12-20T11:34:52","date_gmt":"2025-12-20T08:34:52","guid":{"rendered":"https:\/\/www.egemtv.com\/?p=75379"},"modified":"2025-12-20T11:34:53","modified_gmt":"2025-12-20T08:34:53","slug":"hisarcikta-miniklere-yerli-mali-kullaniminin-ulke-ekonomisine-katkilari-anlatildi","status":"publish","type":"post","link":"https:\/\/www.egemtv.com\/?p=75379","title":{"rendered":"Hisarc\u0131k\u2019ta miniklere yerli mal\u0131 kullan\u0131m\u0131n\u0131n \u00fclke ekonomisine katk\u0131lar\u0131 anlat\u0131ld\u0131"},"content":{"rendered":"<p>K\u00fctahya\u2019n\u0131n Hisarc\u0131k il\u00e7esi Atat\u00fcrk \u0130lkokulu\u2019nda il\u00e7e protokol\u00fcn\u00fcn kat\u0131l\u0131m\u0131yla d\u00fczenlenen Yerli Mal\u0131 Haftas\u0131 etkinli\u011finde \u00f6\u011frencilere yerli mal\u0131 kullan\u0131m\u0131n\u0131n \u00fclke ekonomisine katk\u0131lar\u0131 anlat\u0131ld\u0131.<br \/>\n<br \/>Etkinli\u011fe Kaymakam Erkan Atam, Belediye Ba\u015fkan\u0131 Mustafa Demirta\u015f, \u0130l\u00e7e Milli E\u011fitim M\u00fcd\u00fcr\u00fc Hasan Kilitci ve \u015eube M\u00fcd\u00fcr\u00fc Caner Tevfik Tekin kat\u0131ld\u0131. Program kapsam\u0131nda okul y\u00f6netimi ve \u00f6\u011fretmenlerden etkinlik hakk\u0131nda bilgi alan protokol \u00fcyeleri \u00f6\u011frencilerle yak\u0131ndan ilgilenerek sergilenen yerli \u00fcr\u00fcnleri inceledi. \u00d6\u011frencilerin haz\u0131rlad\u0131\u011f\u0131 sunumlar ve stantlar b\u00fcy\u00fck be\u011feni toplarken, etkinlik boyunca \u00f6\u011frenciler ve \u00f6\u011fretmenler aras\u0131nda samimi bir diyalog oldu\u011fu g\u00f6zlemlendi.<br \/>\n<br \/>Yerli \u00fcretimin ve tasarruf bilincinin \u00f6nemine dikkat \u00e7ekilen etkinlikte, \u00f6\u011frencilere yerli mal\u0131 kullan\u0131m\u0131n\u0131n \u00fclke ekonomisine katk\u0131lar\u0131 anlat\u0131ld\u0131. Protokol \u00fcyeleri, bu t\u00fcr etkinliklerin \u00f6\u011frencilerde fark\u0131ndal\u0131k olu\u015fturmas\u0131 a\u00e7\u0131s\u0131ndan \u00f6nemli oldu\u011funu vurgulayarak eme\u011fi ge\u00e7en \u00f6\u011fretmen ve \u00f6\u011frencilere te\u015fekk\u00fcr etti.<br \/><\/p>\n","protected":false},"excerpt":{"rendered":"<p>K\u00fctahya\u2019n\u0131n Hisarc\u0131k il\u00e7esi Atat\u00fcrk \u0130lkokulu\u2019nda il\u00e7e protokol\u00fcn\u00fcn kat\u0131l\u0131m\u0131yla d\u00fczenlenen Yerli Mal\u0131 Haftas\u0131 etkinli\u011finde \u00f6\u011frencilere yerli mal\u0131 kullan\u0131m\u0131n\u0131n \u00fclke ekonomisine katk\u0131lar\u0131 anlat\u0131ld\u0131. Etkinli\u011fe Kaymakam Erkan Atam, Belediye Ba\u015fkan\u0131 Mustafa Demirta\u015f, \u0130l\u00e7e Milli E\u011fitim M\u00fcd\u00fcr\u00fc Hasan Kilitci ve \u015eube M\u00fcd\u00fcr\u00fc Caner Tevfik Tekin kat\u0131ld\u0131. Program kapsam\u0131nda okul y\u00f6netimi ve \u00f6\u011fretmenlerden etkinlik hakk\u0131nda bilgi alan protokol \u00fcyeleri \u00f6\u011frencilerle&#8230;<\/p>\n","protected":false},"author":1,"featured_media":75380,"comment_status":"open","ping_status":"open","sticky":false,"template":"","format":"standard","meta":{"_crdt_document":"","footnotes":""},"categories":[1],"tags":[],"class_list":["post-75379","post","type-post","status-publish","format-standard","has-post-thumbnail","hentry","category-guncel"],"_links":{"self":[{"href":"https:\/\/www.egemtv.com\/index.php?rest_route=\/wp\/v2\/posts\/75379","targetHints":{"allow":["GET"]}}],"collection":[{"href":"https:\/\/www.egemtv.com\/index.php?rest_route=\/wp\/v2\/posts"}],"about":[{"href":"https:\/\/www.egemtv.com\/index.php?rest_route=\/wp\/v2\/types\/post"}],"author":[{"embeddable":true,"href":"https:\/\/www.egemtv.com\/index.php?rest_route=\/wp\/v2\/users\/1"}],"replies":[{"embeddable":true,"href":"https:\/\/www.egemtv.com\/index.php?rest_route=%2Fwp%2Fv2%2Fcomments&post=75379"}],"version-history":[{"count":1,"href":"https:\/\/www.egemtv.com\/index.php?rest_route=\/wp\/v2\/posts\/75379\/revisions"}],"predecessor-version":[{"id":75381,"href":"https:\/\/www.egemtv.com\/index.php?rest_route=\/wp\/v2\/posts\/75379\/revisions\/75381"}],"wp:featuredmedia":[{"embeddable":true,"href":"https:\/\/www.egemtv.com\/index.php?rest_route=\/wp\/v2\/media\/75380"}],"wp:attachment":[{"href":"https:\/\/www.egemtv.com\/index.php?rest_route=%2Fwp%2Fv2%2Fmedia&parent=75379"}],"wp:term":[{"taxonomy":"category","embeddable":true,"href":"https:\/\/www.egemtv.com\/index.php?rest_route=%2Fwp%2Fv2%2Fcategories&post=75379"},{"taxonomy":"post_tag","embeddable":true,"href":"https:\/\/www.egemtv.com\/index.php?rest_route=%2Fwp%2Fv2%2Ftags&post=75379"}],"curies":[{"name":"wp","href":"https:\/\/api.w.org\/{rel}","templated":true}]}}