{"id":75373,"date":"2025-12-20T11:14:41","date_gmt":"2025-12-20T08:14:41","guid":{"rendered":"https:\/\/www.egemtv.com\/?p=75373"},"modified":"2025-12-20T11:14:42","modified_gmt":"2025-12-20T08:14:42","slug":"kaymakam-guldogan-ozel-egitim-ogrencilerini-makaminda-agirladi","status":"publish","type":"post","link":"https:\/\/www.egemtv.com\/?p=75373","title":{"rendered":"Kaymakam G\u00fcldo\u011fan, \u00d6zel E\u011fitim \u00f6\u011frencilerini makam\u0131nda a\u011f\u0131rlad\u0131"},"content":{"rendered":"<p>Manisa\u2019n\u0131n Salihli il\u00e7esindeki \u00d6zel E\u011fitim Uygulama Okulu \u00f6\u011frencileri, \u00f6\u011fretmenleri e\u015fli\u011finde Salihli Kaymakam\u0131 Ali G\u00fcldo\u011fan\u2019\u0131 makam\u0131nda ziyaret etti.<br \/>\n<br \/>Ziyaret s\u0131ras\u0131nda \u00f6\u011frencilerle yak\u0131ndan ilgilenen Kaymakam G\u00fcldo\u011fan, bir s\u00fcre sohbet ederek onlar\u0131n duygu ve d\u00fc\u015f\u00fcncelerini dinledi. Samimi bir ortamda ger\u00e7ekle\u015fen bulu\u015fmada, 3 Aral\u0131k D\u00fcnya Engelliler G\u00fcn\u00fc\u2019nde a\u00e7\u0131l\u0131\u015f\u0131 yap\u0131lan Ya\u015fam Becerileri At\u00f6lyesinde y\u00fcr\u00fct\u00fclen \u00e7al\u0131\u015fmalar hakk\u0131nda \u00f6\u011fretmenlerden bilgi ald\u0131.<br \/>\n<br \/>At\u00f6lyede yap\u0131lan \u00e7al\u0131\u015fmalar\u0131n \u00f6\u011frencilerin g\u00fcnl\u00fck ya\u015fam becerilerinin geli\u015fimine \u00f6nemli katk\u0131 sa\u011flad\u0131\u011f\u0131n\u0131 belirten Kaymakam G\u00fcldo\u011fan, bu t\u00fcr projelerin \u00f6zel \u00f6\u011frencilerin toplumsal ya\u015fama daha aktif kat\u0131l\u0131m\u0131 a\u00e7\u0131s\u0131ndan b\u00fcy\u00fck \u00f6nem ta\u015f\u0131d\u0131\u011f\u0131n\u0131 ifade etti.<br \/>\n<br \/>Ziyaretten duydu\u011fu memnuniyeti dile getiren Kaymakam Ali G\u00fcldo\u011fan, \u00f6\u011frencilere e\u011fitim hayatlar\u0131nda ba\u015far\u0131lar dileyerek \u00f6\u011fretmenlere de \u00f6zverili \u00e7al\u0131\u015fmalar\u0131ndan dolay\u0131 te\u015fekk\u00fcr etti.<br \/><\/p>\n","protected":false},"excerpt":{"rendered":"<p>Manisa\u2019n\u0131n Salihli il\u00e7esindeki \u00d6zel E\u011fitim Uygulama Okulu \u00f6\u011frencileri, \u00f6\u011fretmenleri e\u015fli\u011finde Salihli Kaymakam\u0131 Ali G\u00fcldo\u011fan\u2019\u0131 makam\u0131nda ziyaret etti. Ziyaret s\u0131ras\u0131nda \u00f6\u011frencilerle yak\u0131ndan ilgilenen Kaymakam G\u00fcldo\u011fan, bir s\u00fcre sohbet ederek onlar\u0131n duygu ve d\u00fc\u015f\u00fcncelerini dinledi. Samimi bir ortamda ger\u00e7ekle\u015fen bulu\u015fmada, 3 Aral\u0131k D\u00fcnya Engelliler G\u00fcn\u00fc\u2019nde a\u00e7\u0131l\u0131\u015f\u0131 yap\u0131lan Ya\u015fam Becerileri At\u00f6lyesinde y\u00fcr\u00fct\u00fclen \u00e7al\u0131\u015fmalar hakk\u0131nda \u00f6\u011fretmenlerden bilgi ald\u0131. At\u00f6lyede&#8230;<\/p>\n","protected":false},"author":1,"featured_media":75374,"comment_status":"open","ping_status":"open","sticky":false,"template":"","format":"standard","meta":{"_crdt_document":"","footnotes":""},"categories":[1],"tags":[],"class_list":["post-75373","post","type-post","status-publish","format-standard","has-post-thumbnail","hentry","category-guncel"],"_links":{"self":[{"href":"https:\/\/www.egemtv.com\/index.php?rest_route=\/wp\/v2\/posts\/75373","targetHints":{"allow":["GET"]}}],"collection":[{"href":"https:\/\/www.egemtv.com\/index.php?rest_route=\/wp\/v2\/posts"}],"about":[{"href":"https:\/\/www.egemtv.com\/index.php?rest_route=\/wp\/v2\/types\/post"}],"author":[{"embeddable":true,"href":"https:\/\/www.egemtv.com\/index.php?rest_route=\/wp\/v2\/users\/1"}],"replies":[{"embeddable":true,"href":"https:\/\/www.egemtv.com\/index.php?rest_route=%2Fwp%2Fv2%2Fcomments&post=75373"}],"version-history":[{"count":1,"href":"https:\/\/www.egemtv.com\/index.php?rest_route=\/wp\/v2\/posts\/75373\/revisions"}],"predecessor-version":[{"id":75375,"href":"https:\/\/www.egemtv.com\/index.php?rest_route=\/wp\/v2\/posts\/75373\/revisions\/75375"}],"wp:featuredmedia":[{"embeddable":true,"href":"https:\/\/www.egemtv.com\/index.php?rest_route=\/wp\/v2\/media\/75374"}],"wp:attachment":[{"href":"https:\/\/www.egemtv.com\/index.php?rest_route=%2Fwp%2Fv2%2Fmedia&parent=75373"}],"wp:term":[{"taxonomy":"category","embeddable":true,"href":"https:\/\/www.egemtv.com\/index.php?rest_route=%2Fwp%2Fv2%2Fcategories&post=75373"},{"taxonomy":"post_tag","embeddable":true,"href":"https:\/\/www.egemtv.com\/index.php?rest_route=%2Fwp%2Fv2%2Ftags&post=75373"}],"curies":[{"name":"wp","href":"https:\/\/api.w.org\/{rel}","templated":true}]}}