{"id":75349,"date":"2025-12-20T09:54:41","date_gmt":"2025-12-20T06:54:41","guid":{"rendered":"https:\/\/www.egemtv.com\/?p=75349"},"modified":"2025-12-20T09:54:42","modified_gmt":"2025-12-20T06:54:42","slug":"kiragi-vurdu-gok-domates-seraya-tasindi","status":"publish","type":"post","link":"https:\/\/www.egemtv.com\/?p=75349","title":{"rendered":"K\u0131ra\u011f\u0131 vurdu, g\u00f6k domates seraya ta\u015f\u0131nd\u0131"},"content":{"rendered":"<p>Sar\u0131g\u00f6l\u2019de domates \u00fcreticileri, geceleri etkili olan k\u0131ra\u011f\u0131ya kar\u015f\u0131 ye\u015fil halde toplad\u0131klar\u0131 domatesleri seralarda ve naylon \u00fczerinde olgunla\u015ft\u0131rarak hem \u00fcr\u00fcn\u00fc kurtar\u0131yor hem de sezonun son hasad\u0131n\u0131 pazara sunuyor.<br \/>\n<br \/>Manisa\u2019n\u0131n Sar\u0131g\u00f6l il\u00e7esinde domates \u00fcretimi yapan \u00e7ift\u00e7iler, son g\u00fcnlerde geceleri etkili olan k\u0131ra\u011f\u0131 nedeniyle hen\u00fcz olgunla\u015fmam\u0131\u015f domatesleri tarladan toplayarak seralarda ve a\u00e7\u0131k alanda naylon \u00fczerinde olgunla\u015ft\u0131rmaya ba\u015flad\u0131.<br \/>\n<br \/>Geceleri ya\u015fanan don riskine kar\u015f\u0131 \u00f6nlem alan \u00fcreticiler, ye\u015fil halde toplad\u0131klar\u0131 g\u00f6k domatesleri sera i\u00e7erisinde ya da a\u00e7\u0131k alanda naylon \u00fczerine sererek g\u00fcne\u015ften faydalanmalar\u0131n\u0131 sa\u011fl\u0131yor. A\u00e7\u0131k alanda olgunla\u015ft\u0131r\u0131lan domateslerin ise ak\u015fam saatlerinde \u00fczeri \u00f6rt\u00fclerek so\u011fuktan korunuyor.<br \/>\n<br \/>Serada ve naylon \u00fczerinde olgunla\u015ft\u0131r\u0131lan domatesler daha sonra pazarlarda sat\u0131\u015fa sunuluyor. Tarla domatesleri pazarlarda vatanda\u015flardan yo\u011fun ilgi g\u00f6r\u00fcrken, baz\u0131 vatanda\u015flar ise g\u00f6k domatesleri tur\u015fuluk olarak sat\u0131n alarak de\u011ferlendiriyor.<br \/>\n<br \/>Domates \u00fcreticileri, sezonun son hasad\u0131n\u0131 bu y\u00f6ntemle pazara sunduklar\u0131n\u0131 belirterek, \u00fcr\u00fcnlerini 20 ile 25 lira aras\u0131nda satt\u0131klar\u0131n\u0131 ifade etti. Kimi \u00fcreticiler ise serada olgunla\u015fan domateslerini bu hafta itibar\u0131yla pazarda tamamen t\u00fckettiklerini dile getirdi.<br \/><\/p>\n","protected":false},"excerpt":{"rendered":"<p>Sar\u0131g\u00f6l\u2019de domates \u00fcreticileri, geceleri etkili olan k\u0131ra\u011f\u0131ya kar\u015f\u0131 ye\u015fil halde toplad\u0131klar\u0131 domatesleri seralarda ve naylon \u00fczerinde olgunla\u015ft\u0131rarak hem \u00fcr\u00fcn\u00fc kurtar\u0131yor hem de sezonun son hasad\u0131n\u0131 pazara sunuyor. Manisa\u2019n\u0131n Sar\u0131g\u00f6l il\u00e7esinde domates \u00fcretimi yapan \u00e7ift\u00e7iler, son g\u00fcnlerde geceleri etkili olan k\u0131ra\u011f\u0131 nedeniyle hen\u00fcz olgunla\u015fmam\u0131\u015f domatesleri tarladan toplayarak seralarda ve a\u00e7\u0131k alanda naylon \u00fczerinde olgunla\u015ft\u0131rmaya ba\u015flad\u0131. Geceleri&#8230;<\/p>\n","protected":false},"author":1,"featured_media":75350,"comment_status":"open","ping_status":"open","sticky":false,"template":"","format":"standard","meta":{"_crdt_document":"","footnotes":""},"categories":[125],"tags":[],"class_list":["post-75349","post","type-post","status-publish","format-standard","has-post-thumbnail","hentry","category-ekonomi"],"_links":{"self":[{"href":"https:\/\/www.egemtv.com\/index.php?rest_route=\/wp\/v2\/posts\/75349","targetHints":{"allow":["GET"]}}],"collection":[{"href":"https:\/\/www.egemtv.com\/index.php?rest_route=\/wp\/v2\/posts"}],"about":[{"href":"https:\/\/www.egemtv.com\/index.php?rest_route=\/wp\/v2\/types\/post"}],"author":[{"embeddable":true,"href":"https:\/\/www.egemtv.com\/index.php?rest_route=\/wp\/v2\/users\/1"}],"replies":[{"embeddable":true,"href":"https:\/\/www.egemtv.com\/index.php?rest_route=%2Fwp%2Fv2%2Fcomments&post=75349"}],"version-history":[{"count":1,"href":"https:\/\/www.egemtv.com\/index.php?rest_route=\/wp\/v2\/posts\/75349\/revisions"}],"predecessor-version":[{"id":75351,"href":"https:\/\/www.egemtv.com\/index.php?rest_route=\/wp\/v2\/posts\/75349\/revisions\/75351"}],"wp:featuredmedia":[{"embeddable":true,"href":"https:\/\/www.egemtv.com\/index.php?rest_route=\/wp\/v2\/media\/75350"}],"wp:attachment":[{"href":"https:\/\/www.egemtv.com\/index.php?rest_route=%2Fwp%2Fv2%2Fmedia&parent=75349"}],"wp:term":[{"taxonomy":"category","embeddable":true,"href":"https:\/\/www.egemtv.com\/index.php?rest_route=%2Fwp%2Fv2%2Fcategories&post=75349"},{"taxonomy":"post_tag","embeddable":true,"href":"https:\/\/www.egemtv.com\/index.php?rest_route=%2Fwp%2Fv2%2Ftags&post=75349"}],"curies":[{"name":"wp","href":"https:\/\/api.w.org\/{rel}","templated":true}]}}