{"id":75346,"date":"2025-12-20T09:34:48","date_gmt":"2025-12-20T06:34:48","guid":{"rendered":"https:\/\/www.egemtv.com\/?p=75346"},"modified":"2025-12-20T09:34:49","modified_gmt":"2025-12-20T06:34:49","slug":"camelinin-titrek-kavak-ormanlari-bulutlarin-arasinda-gorsel-solen-sunuyor","status":"publish","type":"post","link":"https:\/\/www.egemtv.com\/?p=75346","title":{"rendered":"\u00c7ameli\u2019nin titrek kavak ormanlar\u0131 bulutlar\u0131n aras\u0131nda g\u00f6rsel \u015f\u00f6len sunuyor"},"content":{"rendered":"<p>Denizli\u2019nin \u00c7ameli il\u00e7esi, zengin floras\u0131 ve y\u00fcksek endemik t\u00fcr \u00e7e\u015fitlili\u011fiyle dikkat \u00e7ekiyor. \u0130l\u00e7enin \u00f6nemli do\u011fal alanlar\u0131ndan biri olan titrek kavak ormanlar\u0131 ise \u00f6zellikle ziyaret\u00e7ilerine g\u00f6rsel bir \u015f\u00f6len sunuyor. Sar\u0131, k\u0131z\u0131l, turuncu ve ye\u015filin tonlar\u0131yla olu\u015fan renk c\u00fcmb\u00fc\u015f\u00fc havadan g\u00f6r\u00fcnt\u00fclendi.<br \/>\n<br \/>Denizli\u2019nin \u00c7ameli il\u00e7esi, zengin floras\u0131 ve y\u00fcksek endemik t\u00fcr \u00e7e\u015fitlili\u011fiyle dikkat \u00e7ekiyor. Yakla\u015f\u0131k 750 ile 2 bin 300 metre rak\u0131mda yer alan il\u00e7e; vadileri, meralar\u0131 ve y\u00fcksek da\u011flar\u0131yla \u00e7ok say\u0131da bitki t\u00fcr\u00fcne ev sahipli\u011fi yap\u0131yor. \u00c7ameli floras\u0131nda 200\u2019a yak\u0131n endemik bitki t\u00fcr\u00fcn\u00fcn bulunmas\u0131, b\u00f6lgenin co\u011frafi yap\u0131s\u0131n\u0131n sa\u011flad\u0131\u011f\u0131 do\u011fal zenginlikten kaynaklan\u0131yor.<br \/>\n<br \/>\u0130l\u00e7enin \u00f6nemli do\u011fal alanlar\u0131ndan biri olan titrek kavak ormanlar\u0131 ise \u00f6zellikle sonbahar ve k\u0131\u015f aylar\u0131nda ziyaret\u00e7ilerine g\u00f6rsel bir \u015f\u00f6len sunuyor. Sar\u0131dan kahverengiye uzanan tonlar\u0131n h\u00e2kim oldu\u011fu b\u00f6lgede y\u00fcksek a\u011fa\u00e7lar\u0131n olu\u015fturdu\u011fu renk c\u00fcmb\u00fc\u015f\u00fc do\u011faseverler taraf\u0131ndan yo\u011fun ilgi g\u00f6r\u00fcyor. T\u00fcrkiye\u2019de bu denli yo\u011funlukta g\u00f6r\u00fclen titrek kavak topluluklar\u0131na nadiren rastland\u0131\u011f\u0131n\u0131 belirten uzmanlar, \u00c7ameli\u2019nin bu a\u00e7\u0131dan \u00f6nemli bir ekolojik de\u011fere sahip oldu\u011funa dikkat \u00e7ekiyor. B\u00f6lge hem biyolojik \u00e7e\u015fitlilik hem de do\u011fal g\u00fczellik a\u00e7\u0131s\u0131ndan e\u015fsiz bir zenginlik sunuyor.<\/p>\n<p>&#8220;Bu orman \u00c7ameli orman s\u0131n\u0131rlar\u0131 i\u00e7erisindedir ve titizlikle korunmaktad\u0131r&#8221;<br \/>\n<br \/>Titrek kavak a\u011fa\u00e7lar\u0131n\u0131n titizlikle korundu\u011funu ifade eden Endemik Bitkiler Ara\u015ft\u0131rmac\u0131s\u0131 R\u0131fat \u00d6zdemir, &#8220;Bu g\u00f6rd\u00fc\u011f\u00fcn\u00fcz titrek kavak ormanlar\u0131 sonbahar ve k\u0131\u015f aylar\u0131nda renk c\u00fcmb\u00fc\u015f\u00fc olu\u015fturuyor. B\u00fct\u00fcn renkleri hemen hemen g\u00f6r\u00fcrs\u00fcn\u00fcz. T\u00fcrkiye\u2019deki da\u011f\u0131l\u0131m\u0131 olduk\u00e7a seyrektir. Bu saha, \u00c7ameli orman s\u0131n\u0131rlar\u0131 i\u00e7erisindedir ve titizlikle korunmaktad\u0131r. \u00c7ameli il\u00e7emiz flora a\u00e7\u0131s\u0131ndan \u00e7ok zengindir&#8221; dedi.<\/p>\n<p>&#8220;Yap\u0131lan \u00e7al\u0131\u015fmalar sonucunda 200\u2019\u00fcn \u00fczerinde endemik t\u00fcr bitki tespit edildi&#8221;<br \/>\n<br \/>\u00c7ameli\u2019de 200\u2019\u00fcn \u00fczerinde endemik t\u00fcr bitki tespit edildi\u011fini ve \u00e7al\u0131\u015fmalar\u0131n devam edece\u011fini belirten \u00c7ameli Belediye Ba\u015fkan\u0131 Cengiz Arslan ise, &#8220;\u00c7ameli il\u00e7emiz endemik t\u00fcrler bak\u0131m\u0131ndan en zengin b\u00f6lgelerden bir tanesi. \u00d6zellikle Garg\u0131n Yaylas\u0131 b\u00f6lge dedi\u011fimiz rakam\u0131 2 binin \u00fczerinde olan bir b\u00f6lgemiz var. Bu b\u00f6lgemizde \u015fu anda Hasan Hocam\u0131zla beraber yapm\u0131\u015f oldu\u011fumuz \u00e7al\u0131\u015fmalarla 200\u2019\u00fcn \u00fczerinde endemik t\u00fcr bitki tespitini yapt\u0131k. \u0130n\u015fallah yak\u0131n bir zamanda da bunlar\u0131n kitap bas\u0131m\u0131n\u0131 a\u00e7\u0131klamas\u0131n\u0131 yapm\u0131\u015f olaca\u011f\u0131z. \u015eu anda \u00f6zellikle Fethiye-\u00c7ameli aras\u0131nda Akta b\u00f6lgesi dedi\u011fimiz b\u00f6lgede bir Akkavak orman b\u00f6lgemiz var. Ger\u00e7ekten do\u011fan\u0131n bir harikas\u0131, g\u00fczel bir \u015fekilde orada yeti\u015fmi\u015f \u00e7o\u011falm\u0131\u015f bu orman\u0131m\u0131z \u00f6zellikle sonbahar ve k\u0131\u015f aylar\u0131nda trekking yapmak isteyen y\u00fcr\u00fcy\u00fc\u015f yapmak isteyen gruplar i\u00e7in \u00e7ok g\u00fczel bir g\u00f6rsel \u015f\u00f6len sunuyor&#8221; ifadelerini kulland\u0131.<\/p>\n<p>&#8220;Vatanda\u015flar\u0131m\u0131z\u0131 bu g\u00fczel do\u011fa harikas\u0131n\u0131 g\u00f6rmeye \u00c7ameli\u2019ye davet ediyoruz&#8221;<br \/>\n<br \/>Vatanda\u015flar\u0131 bu g\u00fczel do\u011fa harikas\u0131n\u0131 g\u00f6rmeye \u00c7ameli\u2019ye davet eden Ba\u015fkan Cengiz Arslan, &#8220;Orman \u0130\u015fletme ile beraber bu b\u00f6lgenin korunmas\u0131 ile ilgili yerel y\u00f6netimler belirli olarak elimizden gelen \u00e7abay\u0131 sarf ediyoruz. \u0130n\u015fallah buran\u0131n do\u011fa turizmine kazand\u0131r\u0131lmas\u0131 ile ilgili de g\u00fczel d\u00fc\u015f\u00fcncemiz projemiz var. Bu b\u00f6lge bizim y\u00fcr\u00fcy\u00fc\u015f rotalar\u0131m\u0131z alan\u0131nda en g\u00fczel rotalar\u0131m\u0131z bir tanesi. B\u00fct\u00fcn bizi izleyen vatanda\u015flar\u0131m\u0131z\u0131 bu g\u00fczel do\u011fa harikas\u0131n\u0131 g\u00f6rmeye \u00c7ameli\u2019ye davet ediyoruz&#8221; dedi.<br \/><\/p>\n","protected":false},"excerpt":{"rendered":"<p>Denizli\u2019nin \u00c7ameli il\u00e7esi, zengin floras\u0131 ve y\u00fcksek endemik t\u00fcr \u00e7e\u015fitlili\u011fiyle dikkat \u00e7ekiyor. \u0130l\u00e7enin \u00f6nemli do\u011fal alanlar\u0131ndan biri olan titrek kavak ormanlar\u0131 ise \u00f6zellikle ziyaret\u00e7ilerine g\u00f6rsel bir \u015f\u00f6len sunuyor. Sar\u0131, k\u0131z\u0131l, turuncu ve ye\u015filin tonlar\u0131yla olu\u015fan renk c\u00fcmb\u00fc\u015f\u00fc havadan g\u00f6r\u00fcnt\u00fclendi. Denizli\u2019nin \u00c7ameli il\u00e7esi, zengin floras\u0131 ve y\u00fcksek endemik t\u00fcr \u00e7e\u015fitlili\u011fiyle dikkat \u00e7ekiyor. Yakla\u015f\u0131k 750 ile 2&#8230;<\/p>\n","protected":false},"author":1,"featured_media":75347,"comment_status":"open","ping_status":"open","sticky":false,"template":"","format":"standard","meta":{"_crdt_document":"","footnotes":""},"categories":[1],"tags":[],"class_list":["post-75346","post","type-post","status-publish","format-standard","has-post-thumbnail","hentry","category-guncel"],"_links":{"self":[{"href":"https:\/\/www.egemtv.com\/index.php?rest_route=\/wp\/v2\/posts\/75346","targetHints":{"allow":["GET"]}}],"collection":[{"href":"https:\/\/www.egemtv.com\/index.php?rest_route=\/wp\/v2\/posts"}],"about":[{"href":"https:\/\/www.egemtv.com\/index.php?rest_route=\/wp\/v2\/types\/post"}],"author":[{"embeddable":true,"href":"https:\/\/www.egemtv.com\/index.php?rest_route=\/wp\/v2\/users\/1"}],"replies":[{"embeddable":true,"href":"https:\/\/www.egemtv.com\/index.php?rest_route=%2Fwp%2Fv2%2Fcomments&post=75346"}],"version-history":[{"count":1,"href":"https:\/\/www.egemtv.com\/index.php?rest_route=\/wp\/v2\/posts\/75346\/revisions"}],"predecessor-version":[{"id":75348,"href":"https:\/\/www.egemtv.com\/index.php?rest_route=\/wp\/v2\/posts\/75346\/revisions\/75348"}],"wp:featuredmedia":[{"embeddable":true,"href":"https:\/\/www.egemtv.com\/index.php?rest_route=\/wp\/v2\/media\/75347"}],"wp:attachment":[{"href":"https:\/\/www.egemtv.com\/index.php?rest_route=%2Fwp%2Fv2%2Fmedia&parent=75346"}],"wp:term":[{"taxonomy":"category","embeddable":true,"href":"https:\/\/www.egemtv.com\/index.php?rest_route=%2Fwp%2Fv2%2Fcategories&post=75346"},{"taxonomy":"post_tag","embeddable":true,"href":"https:\/\/www.egemtv.com\/index.php?rest_route=%2Fwp%2Fv2%2Ftags&post=75346"}],"curies":[{"name":"wp","href":"https:\/\/api.w.org\/{rel}","templated":true}]}}