{"id":75304,"date":"2025-12-19T17:15:07","date_gmt":"2025-12-19T14:15:07","guid":{"rendered":"https:\/\/www.egemtv.com\/?p=75304"},"modified":"2025-12-19T17:15:08","modified_gmt":"2025-12-19T14:15:08","slug":"bodrumda-trafik-kazasi-1-olu-2-yarali","status":"publish","type":"post","link":"https:\/\/www.egemtv.com\/?p=75304","title":{"rendered":"Bodrum\u2019da trafik kazas\u0131: 1 \u00f6l\u00fc, 2 yaral\u0131"},"content":{"rendered":"<p>Mu\u011fla\u2019n\u0131n Bodrum il\u00e7esinde meydana gelen trafik kazas\u0131nda 18 ya\u015f\u0131ndaki bir gen\u00e7 hayat\u0131n\u0131 kaybederken, 2 ki\u015fi ise yaraland\u0131.<br \/>\n<br \/>Kaza, Bodrum il\u00e7esi Dirmil Mahallesi \u0130n\u00f6n\u00fc Caddesi\u2019nde meydana geldi. Edinilen bilgiye g\u00f6re, \u0130brahim Umut Y\u00f6ntem sevk ve idaresindeki 48 ABM 569 plakal\u0131 ara\u00e7, s\u00fcr\u00fcc\u00fcs\u00fcn\u00fcn direksiyon hakimiyetini kaybetmesi sonucu yol kenar\u0131nda park halinde bulunan 48 AVG 544 plakal\u0131 araca \u00e7arpt\u0131.<br \/>\n<br \/>Kazada s\u00fcr\u00fcc\u00fc \u0130brahim Umut Y\u00f6ntem ile A.Z., sa\u011fl\u0131k ekipleri taraf\u0131ndan Ac\u0131badem Hastanesi\u2019ne kald\u0131r\u0131l\u0131rken, yaral\u0131 M.Z. ise Bodrum Devlet Hastanesi\u2019ne sevk edildi. Yaral\u0131lar\u0131n bilincinin a\u00e7\u0131k oldu\u011fu ve hayati tehlikelerinin bulunmad\u0131\u011f\u0131 \u00f6\u011frenildi. Kazada a\u011f\u0131r yaralanan 18 ya\u015f\u0131ndaki Y\u00f6ntem\u2019in, hastanede yap\u0131lan t\u00fcm m\u00fcdahalelere ra\u011fmen hayat\u0131n\u0131 kaybetti\u011fi bildirildi.<br \/>\n<br \/>Kazayla ilgili soru\u015fturma ba\u015flat\u0131ld\u0131.<br \/><\/p>\n","protected":false},"excerpt":{"rendered":"<p>Mu\u011fla\u2019n\u0131n Bodrum il\u00e7esinde meydana gelen trafik kazas\u0131nda 18 ya\u015f\u0131ndaki bir gen\u00e7 hayat\u0131n\u0131 kaybederken, 2 ki\u015fi ise yaraland\u0131. Kaza, Bodrum il\u00e7esi Dirmil Mahallesi \u0130n\u00f6n\u00fc Caddesi\u2019nde meydana geldi. Edinilen bilgiye g\u00f6re, \u0130brahim Umut Y\u00f6ntem sevk ve idaresindeki 48 ABM 569 plakal\u0131 ara\u00e7, s\u00fcr\u00fcc\u00fcs\u00fcn\u00fcn direksiyon hakimiyetini kaybetmesi sonucu yol kenar\u0131nda park halinde bulunan 48 AVG 544 plakal\u0131 araca&#8230;<\/p>\n","protected":false},"author":1,"featured_media":75305,"comment_status":"open","ping_status":"open","sticky":false,"template":"","format":"standard","meta":{"_crdt_document":"","footnotes":""},"categories":[5],"tags":[],"class_list":["post-75304","post","type-post","status-publish","format-standard","has-post-thumbnail","hentry","category-asayis"],"_links":{"self":[{"href":"https:\/\/www.egemtv.com\/index.php?rest_route=\/wp\/v2\/posts\/75304","targetHints":{"allow":["GET"]}}],"collection":[{"href":"https:\/\/www.egemtv.com\/index.php?rest_route=\/wp\/v2\/posts"}],"about":[{"href":"https:\/\/www.egemtv.com\/index.php?rest_route=\/wp\/v2\/types\/post"}],"author":[{"embeddable":true,"href":"https:\/\/www.egemtv.com\/index.php?rest_route=\/wp\/v2\/users\/1"}],"replies":[{"embeddable":true,"href":"https:\/\/www.egemtv.com\/index.php?rest_route=%2Fwp%2Fv2%2Fcomments&post=75304"}],"version-history":[{"count":1,"href":"https:\/\/www.egemtv.com\/index.php?rest_route=\/wp\/v2\/posts\/75304\/revisions"}],"predecessor-version":[{"id":75306,"href":"https:\/\/www.egemtv.com\/index.php?rest_route=\/wp\/v2\/posts\/75304\/revisions\/75306"}],"wp:featuredmedia":[{"embeddable":true,"href":"https:\/\/www.egemtv.com\/index.php?rest_route=\/wp\/v2\/media\/75305"}],"wp:attachment":[{"href":"https:\/\/www.egemtv.com\/index.php?rest_route=%2Fwp%2Fv2%2Fmedia&parent=75304"}],"wp:term":[{"taxonomy":"category","embeddable":true,"href":"https:\/\/www.egemtv.com\/index.php?rest_route=%2Fwp%2Fv2%2Fcategories&post=75304"},{"taxonomy":"post_tag","embeddable":true,"href":"https:\/\/www.egemtv.com\/index.php?rest_route=%2Fwp%2Fv2%2Ftags&post=75304"}],"curies":[{"name":"wp","href":"https:\/\/api.w.org\/{rel}","templated":true}]}}