{"id":75301,"date":"2025-12-19T16:54:46","date_gmt":"2025-12-19T13:54:46","guid":{"rendered":"https:\/\/www.egemtv.com\/?p=75301"},"modified":"2025-12-19T16:54:46","modified_gmt":"2025-12-19T13:54:46","slug":"deasli-teroristler-yakalanmasalardi-yilbasi-gecesini-kana-bulayacaklardi","status":"publish","type":"post","link":"https:\/\/www.egemtv.com\/?p=75301","title":{"rendered":"DEA\u015e\u2019l\u0131 ter\u00f6ristler yakalanmasalard\u0131 y\u0131lba\u015f\u0131 gecesini kana bulayacaklard\u0131"},"content":{"rendered":"<p>Afyonkarahisar\u2019da polis taraf\u0131ndan DEA\u015e silahl\u0131 ter\u00f6r \u00f6rg\u00fct\u00fcne y\u00f6nelik yap\u0131lan operasyonda 7 ki\u015fi tutuklan\u0131rken, \u00f6rg\u00fct \u00fcyelerinin y\u0131lba\u015f\u0131 gecesi eylem haz\u0131rl\u0131\u011f\u0131nda olduklar\u0131 tespit edildi.<br \/>\n<br \/>Edinilen bilgilere g\u00f6re, Y\u0131lba\u015f\u0131 g\u00fcn\u00fc d\u00fczenlenecek kutlama etkinliklerinde; halk\u0131n yo\u011fun olarak bulundu\u011fu yerlere, etnik gruplara ve kamu kurumlar\u0131na y\u00f6nelik DEA\u015e silahl\u0131 ter\u00f6r \u00f6rg\u00fct\u00fcn\u00fcn eylemsel giri\u015fimlerde bulunabilece\u011fine dair bilgi al\u0131nmas\u0131 \u00fczerine Afyonkarahisar \u0130l Emniyet M\u00fcd\u00fcrl\u00fc\u011f\u00fc\u2019ne ba\u011fl\u0131 ekipler harekete ge\u00e7ti.<br \/>\n<br \/>Ge\u00e7mi\u015f d\u00f6nemde DEA\u015e silahl\u0131 ter\u00f6r \u00f6rg\u00fct\u00fcn\u00fcn i\u00e7erisinde \u00fcst d\u00fczey y\u00f6netici sorumlu (emir) d\u00fczeyde silahl\u0131 faaliyet y\u00fcr\u00fcten ve T\u00fcrkiye\u2019nin, Irak\u2019\u0131n Haseke b\u00f6lgesinde yap\u0131lan operasyonda \u00f6rg\u00fcte ait ele ge\u00e7irilen dok\u00fcmanlardan yola \u00e7\u0131kan polis ekipleri d\u00f6k\u00fcmanlarda isimleri ge\u00e7en \u015fah\u0131slara y\u00f6nelik operasyon yapt\u0131. Yap\u0131lan operasyonda yabanc\u0131 uyruklu 9 \u015f\u00fcpheli \u015fah\u0131s g\u00f6zalt\u0131na al\u0131nd\u0131. Adliye sevk edilen \u015fah\u0131slardan yedisi tutuklan\u0131rken biri hakk\u0131nda adli kontrol karar\u0131 verildi. \u015eah\u0131slardan birisi ise s\u0131n\u0131r d\u0131\u015f\u0131 edildi.<br \/><\/p>\n","protected":false},"excerpt":{"rendered":"<p>Afyonkarahisar\u2019da polis taraf\u0131ndan DEA\u015e silahl\u0131 ter\u00f6r \u00f6rg\u00fct\u00fcne y\u00f6nelik yap\u0131lan operasyonda 7 ki\u015fi tutuklan\u0131rken, \u00f6rg\u00fct \u00fcyelerinin y\u0131lba\u015f\u0131 gecesi eylem haz\u0131rl\u0131\u011f\u0131nda olduklar\u0131 tespit edildi. Edinilen bilgilere g\u00f6re, Y\u0131lba\u015f\u0131 g\u00fcn\u00fc d\u00fczenlenecek kutlama etkinliklerinde; halk\u0131n yo\u011fun olarak bulundu\u011fu yerlere, etnik gruplara ve kamu kurumlar\u0131na y\u00f6nelik DEA\u015e silahl\u0131 ter\u00f6r \u00f6rg\u00fct\u00fcn\u00fcn eylemsel giri\u015fimlerde bulunabilece\u011fine dair bilgi al\u0131nmas\u0131 \u00fczerine Afyonkarahisar \u0130l Emniyet&#8230;<\/p>\n","protected":false},"author":1,"featured_media":75302,"comment_status":"open","ping_status":"open","sticky":false,"template":"","format":"standard","meta":{"_crdt_document":"","footnotes":""},"categories":[5],"tags":[],"class_list":["post-75301","post","type-post","status-publish","format-standard","has-post-thumbnail","hentry","category-asayis"],"_links":{"self":[{"href":"https:\/\/www.egemtv.com\/index.php?rest_route=\/wp\/v2\/posts\/75301","targetHints":{"allow":["GET"]}}],"collection":[{"href":"https:\/\/www.egemtv.com\/index.php?rest_route=\/wp\/v2\/posts"}],"about":[{"href":"https:\/\/www.egemtv.com\/index.php?rest_route=\/wp\/v2\/types\/post"}],"author":[{"embeddable":true,"href":"https:\/\/www.egemtv.com\/index.php?rest_route=\/wp\/v2\/users\/1"}],"replies":[{"embeddable":true,"href":"https:\/\/www.egemtv.com\/index.php?rest_route=%2Fwp%2Fv2%2Fcomments&post=75301"}],"version-history":[{"count":1,"href":"https:\/\/www.egemtv.com\/index.php?rest_route=\/wp\/v2\/posts\/75301\/revisions"}],"predecessor-version":[{"id":75303,"href":"https:\/\/www.egemtv.com\/index.php?rest_route=\/wp\/v2\/posts\/75301\/revisions\/75303"}],"wp:featuredmedia":[{"embeddable":true,"href":"https:\/\/www.egemtv.com\/index.php?rest_route=\/wp\/v2\/media\/75302"}],"wp:attachment":[{"href":"https:\/\/www.egemtv.com\/index.php?rest_route=%2Fwp%2Fv2%2Fmedia&parent=75301"}],"wp:term":[{"taxonomy":"category","embeddable":true,"href":"https:\/\/www.egemtv.com\/index.php?rest_route=%2Fwp%2Fv2%2Fcategories&post=75301"},{"taxonomy":"post_tag","embeddable":true,"href":"https:\/\/www.egemtv.com\/index.php?rest_route=%2Fwp%2Fv2%2Ftags&post=75301"}],"curies":[{"name":"wp","href":"https:\/\/api.w.org\/{rel}","templated":true}]}}