{"id":75298,"date":"2025-12-19T16:54:44","date_gmt":"2025-12-19T13:54:44","guid":{"rendered":"https:\/\/www.egemtv.com\/?p=75298"},"modified":"2025-12-19T16:54:46","modified_gmt":"2025-12-19T13:54:46","slug":"germencikte-izinsiz-afislere-zabita-mudahalesi","status":"publish","type":"post","link":"https:\/\/www.egemtv.com\/?p=75298","title":{"rendered":"Germencik\u2019te izinsiz afi\u015flere zab\u0131ta m\u00fcdahalesi"},"content":{"rendered":"<p>Germencik Belediyesi, il\u00e7e esteti\u011fini bozdu\u011fu tespit edilen izinsiz ilan, afi\u015f ve reklam uygulamalar\u0131na kar\u015f\u0131 zab\u0131ta ekipleriyle sahaya inerken, \u0130stasyon Mahallesi\u2019nde mevzuata ayk\u0131r\u0131 t\u00fcm afi\u015f ve ilanlar kald\u0131r\u0131ld\u0131.<\/p>\n<p>Germencik Belediyesi, il\u00e7e genelinde g\u00f6r\u00fcnt\u00fc kirlili\u011fine neden olan izinsiz ilan, afi\u015f ve reklam uygulamalar\u0131na kar\u015f\u0131 \u00e7al\u0131\u015fmalar\u0131n\u0131 s\u00fcrd\u00fcr\u00fcyor. Bu kapsamda Germencik Belediyesi Zab\u0131ta M\u00fcd\u00fcrl\u00fc\u011f\u00fc ekipleri, il\u00e7e esteti\u011fini ve g\u00f6rsel d\u00fczeni korumak amac\u0131yla \u0130stasyon Mahallesi\u2019nde denetim ve temizlik \u00e7al\u0131\u015fmas\u0131 ger\u00e7ekle\u015ftirdi. Yap\u0131lan kontrollerde mevzuata ayk\u0131r\u0131 \u015fekilde as\u0131ld\u0131\u011f\u0131 tespit edilen t\u00fcm afi\u015f ve ilanlar ekipler taraf\u0131ndan toplanarak kald\u0131r\u0131ld\u0131. Germencik Belediye Ba\u015fkan\u0131 Burak Zencirci, daha d\u00fczenli, temiz ve ya\u015fanabilir bir il\u00e7e hedefiyle zab\u0131ta ekiplerinin sahadaki \u00e7al\u0131\u015fmalar\u0131n\u0131 aral\u0131ks\u0131z s\u00fcrd\u00fcrd\u00fc\u011f\u00fcn\u00fc belirterek, il\u00e7e genelinde benzer uygulamalar\u0131n devam edece\u011fini ifade etti.<br \/><\/p>\n","protected":false},"excerpt":{"rendered":"<p>Germencik Belediyesi, il\u00e7e esteti\u011fini bozdu\u011fu tespit edilen izinsiz ilan, afi\u015f ve reklam uygulamalar\u0131na kar\u015f\u0131 zab\u0131ta ekipleriyle sahaya inerken, \u0130stasyon Mahallesi\u2019nde mevzuata ayk\u0131r\u0131 t\u00fcm afi\u015f ve ilanlar kald\u0131r\u0131ld\u0131. Germencik Belediyesi, il\u00e7e genelinde g\u00f6r\u00fcnt\u00fc kirlili\u011fine neden olan izinsiz ilan, afi\u015f ve reklam uygulamalar\u0131na kar\u015f\u0131 \u00e7al\u0131\u015fmalar\u0131n\u0131 s\u00fcrd\u00fcr\u00fcyor. Bu kapsamda Germencik Belediyesi Zab\u0131ta M\u00fcd\u00fcrl\u00fc\u011f\u00fc ekipleri, il\u00e7e esteti\u011fini ve g\u00f6rsel&#8230;<\/p>\n","protected":false},"author":1,"featured_media":75299,"comment_status":"open","ping_status":"open","sticky":false,"template":"","format":"standard","meta":{"_crdt_document":"","footnotes":""},"categories":[1],"tags":[],"class_list":["post-75298","post","type-post","status-publish","format-standard","has-post-thumbnail","hentry","category-guncel"],"_links":{"self":[{"href":"https:\/\/www.egemtv.com\/index.php?rest_route=\/wp\/v2\/posts\/75298","targetHints":{"allow":["GET"]}}],"collection":[{"href":"https:\/\/www.egemtv.com\/index.php?rest_route=\/wp\/v2\/posts"}],"about":[{"href":"https:\/\/www.egemtv.com\/index.php?rest_route=\/wp\/v2\/types\/post"}],"author":[{"embeddable":true,"href":"https:\/\/www.egemtv.com\/index.php?rest_route=\/wp\/v2\/users\/1"}],"replies":[{"embeddable":true,"href":"https:\/\/www.egemtv.com\/index.php?rest_route=%2Fwp%2Fv2%2Fcomments&post=75298"}],"version-history":[{"count":1,"href":"https:\/\/www.egemtv.com\/index.php?rest_route=\/wp\/v2\/posts\/75298\/revisions"}],"predecessor-version":[{"id":75300,"href":"https:\/\/www.egemtv.com\/index.php?rest_route=\/wp\/v2\/posts\/75298\/revisions\/75300"}],"wp:featuredmedia":[{"embeddable":true,"href":"https:\/\/www.egemtv.com\/index.php?rest_route=\/wp\/v2\/media\/75299"}],"wp:attachment":[{"href":"https:\/\/www.egemtv.com\/index.php?rest_route=%2Fwp%2Fv2%2Fmedia&parent=75298"}],"wp:term":[{"taxonomy":"category","embeddable":true,"href":"https:\/\/www.egemtv.com\/index.php?rest_route=%2Fwp%2Fv2%2Fcategories&post=75298"},{"taxonomy":"post_tag","embeddable":true,"href":"https:\/\/www.egemtv.com\/index.php?rest_route=%2Fwp%2Fv2%2Ftags&post=75298"}],"curies":[{"name":"wp","href":"https:\/\/api.w.org\/{rel}","templated":true}]}}