{"id":75295,"date":"2025-12-19T16:54:43","date_gmt":"2025-12-19T13:54:43","guid":{"rendered":"https:\/\/www.egemtv.com\/?p=75295"},"modified":"2025-12-19T16:54:44","modified_gmt":"2025-12-19T13:54:44","slug":"muglada-25-yeni-personel-sertifikasini-aldi","status":"publish","type":"post","link":"https:\/\/www.egemtv.com\/?p=75295","title":{"rendered":"Mu\u011fla\u2019da 25 yeni personel sertifikas\u0131n\u0131 ald\u0131"},"content":{"rendered":"<p>Mu\u011fla \u0130l Emniyet M\u00fcd\u00fcrl\u00fc\u011f\u00fc, trafik g\u00fcvenli\u011fini en \u00fcst seviyeye \u00e7\u0131karmak ve denetim kapasitesini g\u00fc\u00e7lendirmek amac\u0131yla b\u00fcnyesine yeni &#8220;\u015eahin&#8221; ekipleri katt\u0131. Zorlu e\u011fitim s\u00fcrecini ba\u015far\u0131yla tamamlayan 25 personel, d\u00fczenlenen t\u00f6renle sertifikalar\u0131n\u0131 alarak g\u00f6reve haz\u0131r olduklar\u0131n\u0131 ilan etti.<\/p>\n<p>Mu\u011fla\u2019n\u0131n yo\u011fun trafi\u011fi ve turistik yap\u0131s\u0131 g\u00f6z \u00f6n\u00fcnde bulundurularak planlanan e\u011fitim program\u0131 sona erdi. Trafik Tescil ve Denetleme \u015eube M\u00fcd\u00fcrl\u00fc\u011f\u00fc b\u00fcnyesinde g\u00f6rev yapacak olan personeller, motosikletli trafik polisi (\u015eahin) olabilmek i\u00e7in teorik ve uygulamal\u0131 bir\u00e7ok zorlu a\u015famadan ge\u00e7ti.<\/p>\n<p>E\u011fitimler s\u00fcresince personellere \u0130leri s\u00fcr\u00fc\u015f teknikleri, H\u0131zl\u0131 ve g\u00fcvenli m\u00fcdahale y\u00f6ntemleri, Motosiklet \u00fczerinde alan hakimiyeti, Trafik denetimlerinde etkin ileti\u015fim gibi konularda kapsaml\u0131 dersler verildi.<\/p>\n<p>E\u011fitimi ba\u015far\u0131yla bitiren 25 polis memuru, d\u00fczenlenen t\u00f6renle sertifikalar\u0131n\u0131 teslim ald\u0131. Yeni ekiplerin g\u00f6reve ba\u015flamas\u0131yla birlikte, \u00f6zellikle trafi\u011fin s\u0131k\u0131\u015ft\u0131\u011f\u0131 noktalarda ve olaylara m\u00fcdahale s\u00fcresinde b\u00fcy\u00fck bir h\u0131z kazan\u0131lmas\u0131 hedefleniyor.<\/p>\n<p>Mu\u011fla \u0130l Emniyet M\u00fcd\u00fcrl\u00fc\u011f\u00fc yetkilileri, motorize ekiplerin say\u0131s\u0131n\u0131n artmas\u0131yla trafik kural\u0131 ihlallerinin \u00f6n\u00fcne ge\u00e7ilmesinin ve kaza oranlar\u0131n\u0131n minimize edilmesinin hedeflendi\u011fini belirtti. Yeni &#8220;\u015eahinler&#8221;, \u015fehrin stratejik noktalar\u0131nda ve yo\u011fun g\u00fczergahlarda aktif olarak devriye g\u00f6revine ba\u015flayacak.<br \/><\/p>\n","protected":false},"excerpt":{"rendered":"<p>Mu\u011fla \u0130l Emniyet M\u00fcd\u00fcrl\u00fc\u011f\u00fc, trafik g\u00fcvenli\u011fini en \u00fcst seviyeye \u00e7\u0131karmak ve denetim kapasitesini g\u00fc\u00e7lendirmek amac\u0131yla b\u00fcnyesine yeni &#8220;\u015eahin&#8221; ekipleri katt\u0131. Zorlu e\u011fitim s\u00fcrecini ba\u015far\u0131yla tamamlayan 25 personel, d\u00fczenlenen t\u00f6renle sertifikalar\u0131n\u0131 alarak g\u00f6reve haz\u0131r olduklar\u0131n\u0131 ilan etti. Mu\u011fla\u2019n\u0131n yo\u011fun trafi\u011fi ve turistik yap\u0131s\u0131 g\u00f6z \u00f6n\u00fcnde bulundurularak planlanan e\u011fitim program\u0131 sona erdi. Trafik Tescil ve Denetleme \u015eube&#8230;<\/p>\n","protected":false},"author":1,"featured_media":75296,"comment_status":"open","ping_status":"open","sticky":false,"template":"","format":"standard","meta":{"_crdt_document":"","footnotes":""},"categories":[1],"tags":[],"class_list":["post-75295","post","type-post","status-publish","format-standard","has-post-thumbnail","hentry","category-guncel"],"_links":{"self":[{"href":"https:\/\/www.egemtv.com\/index.php?rest_route=\/wp\/v2\/posts\/75295","targetHints":{"allow":["GET"]}}],"collection":[{"href":"https:\/\/www.egemtv.com\/index.php?rest_route=\/wp\/v2\/posts"}],"about":[{"href":"https:\/\/www.egemtv.com\/index.php?rest_route=\/wp\/v2\/types\/post"}],"author":[{"embeddable":true,"href":"https:\/\/www.egemtv.com\/index.php?rest_route=\/wp\/v2\/users\/1"}],"replies":[{"embeddable":true,"href":"https:\/\/www.egemtv.com\/index.php?rest_route=%2Fwp%2Fv2%2Fcomments&post=75295"}],"version-history":[{"count":1,"href":"https:\/\/www.egemtv.com\/index.php?rest_route=\/wp\/v2\/posts\/75295\/revisions"}],"predecessor-version":[{"id":75297,"href":"https:\/\/www.egemtv.com\/index.php?rest_route=\/wp\/v2\/posts\/75295\/revisions\/75297"}],"wp:featuredmedia":[{"embeddable":true,"href":"https:\/\/www.egemtv.com\/index.php?rest_route=\/wp\/v2\/media\/75296"}],"wp:attachment":[{"href":"https:\/\/www.egemtv.com\/index.php?rest_route=%2Fwp%2Fv2%2Fmedia&parent=75295"}],"wp:term":[{"taxonomy":"category","embeddable":true,"href":"https:\/\/www.egemtv.com\/index.php?rest_route=%2Fwp%2Fv2%2Fcategories&post=75295"},{"taxonomy":"post_tag","embeddable":true,"href":"https:\/\/www.egemtv.com\/index.php?rest_route=%2Fwp%2Fv2%2Ftags&post=75295"}],"curies":[{"name":"wp","href":"https:\/\/api.w.org\/{rel}","templated":true}]}}