{"id":75274,"date":"2025-12-19T16:14:50","date_gmt":"2025-12-19T13:14:50","guid":{"rendered":"https:\/\/www.egemtv.com\/?p=75274"},"modified":"2025-12-19T16:14:51","modified_gmt":"2025-12-19T13:14:51","slug":"dalko-davasinda-saniklar-tahliye-edildi","status":"publish","type":"post","link":"https:\/\/www.egemtv.com\/?p=75274","title":{"rendered":"DALKO davas\u0131nda san\u0131klar tahliye edildi"},"content":{"rendered":"<p>Mu\u011fla 1. A\u011f\u0131r Ceza Mahkemesi\u2019nde g\u00f6r\u00fclen DALKO davas\u0131nda tutuklu san\u0131klar hakk\u0131nda tahliye karar\u0131 verilirken, duru\u015fma 23 Haziran saat 09.30\u2019a ertelendi.<br \/>\n<br \/>Mu\u011fla\u2019n\u0131n K\u00f6yce\u011fiz il\u00e7esinde Dalyan Su \u00dcr\u00fcnleri Kooperatifi (DALKO) \u00fczerinden y\u00fcr\u00fct\u00fclen ve kamuoyunda geni\u015f yank\u0131 uyand\u0131ran soru\u015fturma kapsam\u0131nda a\u00e7\u0131lan davan\u0131n ilk duru\u015fmas\u0131, Mu\u011fla 1. A\u011f\u0131r Ceza Mahkemesi\u2019nde g\u00f6r\u00fcld\u00fc. Sabah 09.30\u2019da ba\u015flayan duru\u015fmada san\u0131klar ile taraf avukatlar\u0131 haz\u0131r bulundu.<br \/>\n<br \/>Duru\u015fmaya, tutuklu san\u0131klardan ve organize su\u00e7 \u00f6rg\u00fct\u00fc lideri oldu\u011fu iddia edilen Kooperatif Ba\u015fkan\u0131 A.Y. bulundu\u011fu cezaevinden SEGB\u0130S arac\u0131l\u0131\u011f\u0131yla kat\u0131ld\u0131. Savunmas\u0131nda A.Y, &#8220;Ben hi\u00e7birini hak etmedim. Kooperatifi bir marka haline getirdim&#8221; diyerek su\u00e7lamalar\u0131 kabul etmedi.<br \/>\n<br \/>Tutuklu san\u0131klardan A.Y. ise yakla\u015f\u0131k 5 ayd\u0131r cezaevinde bulundu\u011funu belirterek,<br \/>\n<br \/>&#8220;Bakmakla y\u00fck\u00fcml\u00fc oldu\u011fum 3 \u00e7ocu\u011fum var. Tutuksuz yarg\u0131lanmak istiyorum&#8221; \u015feklinde savunma yapt\u0131.<br \/>\n<br \/>San\u0131klardan H.K. ise savunmas\u0131 s\u0131ras\u0131nda a\u011flayarak sa\u011fl\u0131k sorunlar\u0131ndan bahsetti. H.K., mevcut sa\u011fl\u0131k durumu nedeniyle ma\u011fdur oldu\u011funu belirterek beraatini talep etti.<br \/>\n<br \/>Dava kapsam\u0131nda yarg\u0131lanan ve aralar\u0131nda \u00c7and\u0131r Mahalle Muhtar\u0131 S.Y.\u2019nin de bulundu\u011fu san\u0131klar ad\u0131na yap\u0131lan savunmalarda, su\u00e7lamalar\u0131n ger\u00e7e\u011fi yans\u0131tmad\u0131\u011f\u0131 savunularak beraat talebinde bulunuldu.<br \/>\n<br \/>Mahkeme sonunda t\u00fcm san\u0131klar tahliye edilirken, bir sonraki duru\u015fman\u0131n 23 Haziran saat 09.30\u2019a ertelendi\u011fi a\u00e7\u0131kland\u0131.<br \/>\n<br \/>Ne olmu\u015ftu:<br \/>\n<br \/>Mu\u011fla\u2019n\u0131n K\u00f6yce\u011fiz il\u00e7esinde nitelikli doland\u0131r\u0131c\u0131l\u0131k ve ihaleye fesat kar\u0131\u015ft\u0131rma su\u00e7lar\u0131na kar\u0131\u015ft\u0131klar\u0131 tespit edilen aralar\u0131nda \u00e7and\u0131r Mahalle Muhtar\u0131 S.Y, Dalyan Su \u00dcr\u00fcnleri Kooperatifi (DALKO) Ba\u015fkan\u0131 A.Y. ve o\u011fullar\u0131n\u0131n da bulundu\u011fu 11 \u015f\u00fcpheli g\u00f6zalt\u0131na al\u0131nm\u0131\u015f, 22 Temmuz\u2019da \u015f\u00fcphelilerden Kooperatif Ba\u015fkan\u0131 A.Y., H.K., A.Y., \u00c7.A., \u00d6.A. ve E.D., \u00e7\u0131kar\u0131ld\u0131klar\u0131 mahkemece tutuklanarak cezaevine g\u00f6nderilmi\u015fti.<br \/><\/p>\n","protected":false},"excerpt":{"rendered":"<p>Mu\u011fla 1. A\u011f\u0131r Ceza Mahkemesi\u2019nde g\u00f6r\u00fclen DALKO davas\u0131nda tutuklu san\u0131klar hakk\u0131nda tahliye karar\u0131 verilirken, duru\u015fma 23 Haziran saat 09.30\u2019a ertelendi. Mu\u011fla\u2019n\u0131n K\u00f6yce\u011fiz il\u00e7esinde Dalyan Su \u00dcr\u00fcnleri Kooperatifi (DALKO) \u00fczerinden y\u00fcr\u00fct\u00fclen ve kamuoyunda geni\u015f yank\u0131 uyand\u0131ran soru\u015fturma kapsam\u0131nda a\u00e7\u0131lan davan\u0131n ilk duru\u015fmas\u0131, Mu\u011fla 1. A\u011f\u0131r Ceza Mahkemesi\u2019nde g\u00f6r\u00fcld\u00fc. Sabah 09.30\u2019da ba\u015flayan duru\u015fmada san\u0131klar ile taraf avukatlar\u0131&#8230;<\/p>\n","protected":false},"author":1,"featured_media":75275,"comment_status":"open","ping_status":"open","sticky":false,"template":"","format":"standard","meta":{"_crdt_document":"","footnotes":""},"categories":[5],"tags":[],"class_list":["post-75274","post","type-post","status-publish","format-standard","has-post-thumbnail","hentry","category-asayis"],"_links":{"self":[{"href":"https:\/\/www.egemtv.com\/index.php?rest_route=\/wp\/v2\/posts\/75274","targetHints":{"allow":["GET"]}}],"collection":[{"href":"https:\/\/www.egemtv.com\/index.php?rest_route=\/wp\/v2\/posts"}],"about":[{"href":"https:\/\/www.egemtv.com\/index.php?rest_route=\/wp\/v2\/types\/post"}],"author":[{"embeddable":true,"href":"https:\/\/www.egemtv.com\/index.php?rest_route=\/wp\/v2\/users\/1"}],"replies":[{"embeddable":true,"href":"https:\/\/www.egemtv.com\/index.php?rest_route=%2Fwp%2Fv2%2Fcomments&post=75274"}],"version-history":[{"count":1,"href":"https:\/\/www.egemtv.com\/index.php?rest_route=\/wp\/v2\/posts\/75274\/revisions"}],"predecessor-version":[{"id":75276,"href":"https:\/\/www.egemtv.com\/index.php?rest_route=\/wp\/v2\/posts\/75274\/revisions\/75276"}],"wp:featuredmedia":[{"embeddable":true,"href":"https:\/\/www.egemtv.com\/index.php?rest_route=\/wp\/v2\/media\/75275"}],"wp:attachment":[{"href":"https:\/\/www.egemtv.com\/index.php?rest_route=%2Fwp%2Fv2%2Fmedia&parent=75274"}],"wp:term":[{"taxonomy":"category","embeddable":true,"href":"https:\/\/www.egemtv.com\/index.php?rest_route=%2Fwp%2Fv2%2Fcategories&post=75274"},{"taxonomy":"post_tag","embeddable":true,"href":"https:\/\/www.egemtv.com\/index.php?rest_route=%2Fwp%2Fv2%2Ftags&post=75274"}],"curies":[{"name":"wp","href":"https:\/\/api.w.org\/{rel}","templated":true}]}}