{"id":75271,"date":"2025-12-19T15:55:16","date_gmt":"2025-12-19T12:55:16","guid":{"rendered":"https:\/\/www.egemtv.com\/?p=75271"},"modified":"2025-12-19T15:55:17","modified_gmt":"2025-12-19T12:55:17","slug":"koskte-ureticilere-cks-ve-hayvan-hastaliklari-bilgilendirmesi","status":"publish","type":"post","link":"https:\/\/www.egemtv.com\/?p=75271","title":{"rendered":"K\u00f6\u015fk\u2019te \u00fcreticilere \u00c7KS ve hayvan hastal\u0131klar\u0131 bilgilendirmesi"},"content":{"rendered":"<p>K\u00f6\u015fk \u0130l\u00e7e Tar\u0131m ve Orman M\u00fcd\u00fcrl\u00fc\u011f\u00fc ekipleri, \u2018Tar\u0131m Sahada\u2019 program\u0131 kapsam\u0131nda Ovak\u00f6y, Beyk\u00f6y ve \u00c7ar\u015f\u0131 Mahalleleri\u2019nde \u00fcreticilerle bir araya gelerek \u00c7KS ba\u015fvurular\u0131 ile hayvan hastal\u0131klar\u0131 konusunda bilgilendirme yapt\u0131.<\/p>\n<p>K\u00f6\u015fk \u0130l\u00e7e Tar\u0131m ve Orman M\u00fcd\u00fcrl\u00fc\u011f\u00fc, \u00fcreticilerin bilin\u00e7lendirilmesine y\u00f6nelik saha \u00e7al\u0131\u015fmalar\u0131n\u0131 s\u00fcrd\u00fcr\u00fcyor. Bu kapsamda \u2019Tar\u0131m Sahada\u2019 program\u0131 \u00e7er\u00e7evesinde Cuma bulu\u015fmalar\u0131 d\u00fczenleyen K\u00f6\u015fk \u0130l\u00e7e Tar\u0131m ve Orman M\u00fcd\u00fcrl\u00fc\u011f\u00fc ekipleri, Ovak\u00f6y, Beyk\u00f6y ve \u00c7ar\u015f\u0131 mahallelerinde \u00fcreticilerle bir araya geldi. Ger\u00e7ekle\u015ftirilen \u00e7ift\u00e7i e\u011fitim toplant\u0131lar\u0131nda \u00fcreticilere \u00c7ift\u00e7i Kay\u0131t Sistemi (\u00c7KS) ba\u015fvurular\u0131, \u015fap hastal\u0131\u011f\u0131 ile hayvan hastal\u0131klar\u0131 ve zararl\u0131lar\u0131 hakk\u0131nda bilgilendirmelerde bulunuldu. Toplant\u0131larda ayr\u0131ca \u00fcreticilerin sahada kar\u015f\u0131la\u015ft\u0131klar\u0131 zorluklar dinlenirken, dile getirilen talepler do\u011frultusunda \u00e7\u00f6z\u00fcm \u00f6nerileri payla\u015f\u0131ld\u0131. \u0130l\u00e7e Tar\u0131m ve Orman M\u00fcd\u00fcrl\u00fc\u011f\u00fc yetkilileri, programa kat\u0131l\u0131m sa\u011flayan \u00fcreticilere ve misafirperverliklerinden dolay\u0131 mahalle muhtarlar\u0131na te\u015fekk\u00fcr etti.<br \/><\/p>\n","protected":false},"excerpt":{"rendered":"<p>K\u00f6\u015fk \u0130l\u00e7e Tar\u0131m ve Orman M\u00fcd\u00fcrl\u00fc\u011f\u00fc ekipleri, \u2018Tar\u0131m Sahada\u2019 program\u0131 kapsam\u0131nda Ovak\u00f6y, Beyk\u00f6y ve \u00c7ar\u015f\u0131 Mahalleleri\u2019nde \u00fcreticilerle bir araya gelerek \u00c7KS ba\u015fvurular\u0131 ile hayvan hastal\u0131klar\u0131 konusunda bilgilendirme yapt\u0131. K\u00f6\u015fk \u0130l\u00e7e Tar\u0131m ve Orman M\u00fcd\u00fcrl\u00fc\u011f\u00fc, \u00fcreticilerin bilin\u00e7lendirilmesine y\u00f6nelik saha \u00e7al\u0131\u015fmalar\u0131n\u0131 s\u00fcrd\u00fcr\u00fcyor. Bu kapsamda \u2019Tar\u0131m Sahada\u2019 program\u0131 \u00e7er\u00e7evesinde Cuma bulu\u015fmalar\u0131 d\u00fczenleyen K\u00f6\u015fk \u0130l\u00e7e Tar\u0131m ve Orman M\u00fcd\u00fcrl\u00fc\u011f\u00fc&#8230;<\/p>\n","protected":false},"author":1,"featured_media":75272,"comment_status":"open","ping_status":"open","sticky":false,"template":"","format":"standard","meta":{"_crdt_document":"","footnotes":""},"categories":[1],"tags":[],"class_list":["post-75271","post","type-post","status-publish","format-standard","has-post-thumbnail","hentry","category-guncel"],"_links":{"self":[{"href":"https:\/\/www.egemtv.com\/index.php?rest_route=\/wp\/v2\/posts\/75271","targetHints":{"allow":["GET"]}}],"collection":[{"href":"https:\/\/www.egemtv.com\/index.php?rest_route=\/wp\/v2\/posts"}],"about":[{"href":"https:\/\/www.egemtv.com\/index.php?rest_route=\/wp\/v2\/types\/post"}],"author":[{"embeddable":true,"href":"https:\/\/www.egemtv.com\/index.php?rest_route=\/wp\/v2\/users\/1"}],"replies":[{"embeddable":true,"href":"https:\/\/www.egemtv.com\/index.php?rest_route=%2Fwp%2Fv2%2Fcomments&post=75271"}],"version-history":[{"count":1,"href":"https:\/\/www.egemtv.com\/index.php?rest_route=\/wp\/v2\/posts\/75271\/revisions"}],"predecessor-version":[{"id":75273,"href":"https:\/\/www.egemtv.com\/index.php?rest_route=\/wp\/v2\/posts\/75271\/revisions\/75273"}],"wp:featuredmedia":[{"embeddable":true,"href":"https:\/\/www.egemtv.com\/index.php?rest_route=\/wp\/v2\/media\/75272"}],"wp:attachment":[{"href":"https:\/\/www.egemtv.com\/index.php?rest_route=%2Fwp%2Fv2%2Fmedia&parent=75271"}],"wp:term":[{"taxonomy":"category","embeddable":true,"href":"https:\/\/www.egemtv.com\/index.php?rest_route=%2Fwp%2Fv2%2Fcategories&post=75271"},{"taxonomy":"post_tag","embeddable":true,"href":"https:\/\/www.egemtv.com\/index.php?rest_route=%2Fwp%2Fv2%2Ftags&post=75271"}],"curies":[{"name":"wp","href":"https:\/\/api.w.org\/{rel}","templated":true}]}}