{"id":75265,"date":"2025-12-19T15:55:14","date_gmt":"2025-12-19T12:55:14","guid":{"rendered":"https:\/\/www.egemtv.com\/?p=75265"},"modified":"2025-12-19T15:55:15","modified_gmt":"2025-12-19T12:55:15","slug":"seyir-halindeki-isci-servisi-alev-aldi","status":"publish","type":"post","link":"https:\/\/www.egemtv.com\/?p=75265","title":{"rendered":"Seyir halindeki i\u015f\u00e7i servisi alev ald\u0131"},"content":{"rendered":"<p>Denizli\u2019de hareket halindeki i\u015f\u00e7i servisi midib\u00fcs\u00fc motor k\u0131sm\u0131ndan alev ald\u0131. Servis S\u00fcr\u00fcc\u00fcs\u00fcn\u00fcn yang\u0131n t\u00fcp\u00fcyle m\u00fcdahalesiyle ve itfaiye ekiplerinin deste\u011fiyle alevler k\u0131sa s\u00fcrede s\u00f6nd\u00fcr\u00fcld\u00fc.<br \/>\n<br \/>Olay, Denizli\u2019nin Merkezefendi il\u00e7esi Bozburun Mahallesi Menderes Bulvar\u0131 \u00fczerinde meydana geldi. Edinilen bilgilere g\u00f6re, 20 S 0031 servis midib\u00fcs\u00fcnden hareket halindeyken dumanlar gelmeye ba\u015flad\u0131. Servisi hemen yol kenar\u0131na \u00e7eken s\u00fcr\u00fcc\u00fc servisin motor k\u0131sm\u0131n\u0131 a\u00e7t\u0131 ve motor k\u0131sm\u0131n\u0131n yand\u0131\u011f\u0131n\u0131 g\u00f6rd\u00fc. Servisteki yang\u0131n t\u00fcp\u00fcyle hemen yang\u0131na m\u00fcdahaleye ba\u015flad\u0131. \u00c7evredeki vatanda\u015flar\u0131n ihbar\u0131 \u00fczerine de b\u00f6lgeye itfaiye ekipleri sevk edildi. S\u00fcr\u00fcc\u00fcn\u00fcn yang\u0131n t\u00fcp\u00fcyle m\u00fcdahalesiyle yava\u015flayan alevlere itfaiye ekiplerinin h\u0131zl\u0131 m\u00fcdahalesiyle k\u0131sa s\u00fcrede s\u00f6nd\u00fcr\u00fcld\u00fc. Yang\u0131n servisinin midib\u00fcs\u00fcn\u00fcn i\u015f\u00e7ileri almaya giderken meydana geldi. Serviste i\u015f\u00e7ilerin olmamas\u0131 ya\u015fanabilecek bir facian\u0131n \u00f6n\u00fcne ge\u00e7ti.<br \/><\/p>\n","protected":false},"excerpt":{"rendered":"<p>Denizli\u2019de hareket halindeki i\u015f\u00e7i servisi midib\u00fcs\u00fc motor k\u0131sm\u0131ndan alev ald\u0131. Servis S\u00fcr\u00fcc\u00fcs\u00fcn\u00fcn yang\u0131n t\u00fcp\u00fcyle m\u00fcdahalesiyle ve itfaiye ekiplerinin deste\u011fiyle alevler k\u0131sa s\u00fcrede s\u00f6nd\u00fcr\u00fcld\u00fc. Olay, Denizli\u2019nin Merkezefendi il\u00e7esi Bozburun Mahallesi Menderes Bulvar\u0131 \u00fczerinde meydana geldi. Edinilen bilgilere g\u00f6re, 20 S 0031 servis midib\u00fcs\u00fcnden hareket halindeyken dumanlar gelmeye ba\u015flad\u0131. Servisi hemen yol kenar\u0131na \u00e7eken s\u00fcr\u00fcc\u00fc servisin motor&#8230;<\/p>\n","protected":false},"author":1,"featured_media":75266,"comment_status":"open","ping_status":"open","sticky":false,"template":"","format":"standard","meta":{"_crdt_document":"","footnotes":""},"categories":[5],"tags":[],"class_list":["post-75265","post","type-post","status-publish","format-standard","has-post-thumbnail","hentry","category-asayis"],"_links":{"self":[{"href":"https:\/\/www.egemtv.com\/index.php?rest_route=\/wp\/v2\/posts\/75265","targetHints":{"allow":["GET"]}}],"collection":[{"href":"https:\/\/www.egemtv.com\/index.php?rest_route=\/wp\/v2\/posts"}],"about":[{"href":"https:\/\/www.egemtv.com\/index.php?rest_route=\/wp\/v2\/types\/post"}],"author":[{"embeddable":true,"href":"https:\/\/www.egemtv.com\/index.php?rest_route=\/wp\/v2\/users\/1"}],"replies":[{"embeddable":true,"href":"https:\/\/www.egemtv.com\/index.php?rest_route=%2Fwp%2Fv2%2Fcomments&post=75265"}],"version-history":[{"count":1,"href":"https:\/\/www.egemtv.com\/index.php?rest_route=\/wp\/v2\/posts\/75265\/revisions"}],"predecessor-version":[{"id":75267,"href":"https:\/\/www.egemtv.com\/index.php?rest_route=\/wp\/v2\/posts\/75265\/revisions\/75267"}],"wp:featuredmedia":[{"embeddable":true,"href":"https:\/\/www.egemtv.com\/index.php?rest_route=\/wp\/v2\/media\/75266"}],"wp:attachment":[{"href":"https:\/\/www.egemtv.com\/index.php?rest_route=%2Fwp%2Fv2%2Fmedia&parent=75265"}],"wp:term":[{"taxonomy":"category","embeddable":true,"href":"https:\/\/www.egemtv.com\/index.php?rest_route=%2Fwp%2Fv2%2Fcategories&post=75265"},{"taxonomy":"post_tag","embeddable":true,"href":"https:\/\/www.egemtv.com\/index.php?rest_route=%2Fwp%2Fv2%2Ftags&post=75265"}],"curies":[{"name":"wp","href":"https:\/\/api.w.org\/{rel}","templated":true}]}}