{"id":75262,"date":"2025-12-19T15:34:52","date_gmt":"2025-12-19T12:34:52","guid":{"rendered":"https:\/\/www.egemtv.com\/?p=75262"},"modified":"2025-12-19T15:34:53","modified_gmt":"2025-12-19T12:34:53","slug":"mugla-buyuksehir-zabitasindan-hijyen-ve-gramaj-denetimi","status":"publish","type":"post","link":"https:\/\/www.egemtv.com\/?p=75262","title":{"rendered":"Mu\u011fla B\u00fcy\u00fck\u015fehir Zab\u0131tas\u0131ndan hijyen ve gramaj denetimi"},"content":{"rendered":"<p>Vatanda\u015flar\u0131n sa\u011fl\u0131kl\u0131 g\u0131daya ula\u015fmas\u0131, \u00fcr\u00fcnlerin hijyen kurallar\u0131na uygun haz\u0131rlanmas\u0131 ve sat\u0131\u015fa sunulmas\u0131n\u0131 sa\u011flamak i\u00e7in B\u00fcy\u00fck\u015fehir Belediyesi Zab\u0131ta ekipleri il genelinde denetimlerine devam ediyor. \u0130\u015fletmelerde hijyen, gramaj denetimleri yapan B\u00fcy\u00fck\u015fehir Belediyesi kurallara ve halk sa\u011fl\u0131\u011f\u0131na uymayan baz\u0131 i\u015fletmelere idari i\u015flem uygularken tarihi ge\u00e7mi\u015f \u00fcr\u00fcnleri de sat\u0131\u015ftan men ediyor.<br \/>\n<br \/>Mu\u011fla B\u00fcy\u00fck\u015fehir Belediyesi Zab\u0131ta Daire Ba\u015fkan\u0131 Ahmet \u015ean halk\u0131n hijyenik ve kaliteli \u00fcr\u00fcnlere ula\u015fmas\u0131 i\u00e7in il genelinde g\u0131da \u00fcretimi yapan i\u015f yerlerine rutin kontrollerinin devam etti\u011fini s\u00f6yledi.<br \/>\n<br \/>Ahmet \u015ean; &#8220;Mu\u011fla B\u00fcy\u00fck\u015fehir Belediyesi Zab\u0131ta Daire Ba\u015fkanl\u0131\u011f\u0131 olarak g\u0131da \u00fcretimi ve sat\u0131\u015f\u0131 yapan yerlerde denetimlerimizi ger\u00e7ekle\u015ftiriyoruz. Yapm\u0131\u015f oldu\u011fumuz denetimlerde amac\u0131m\u0131z halk\u0131m\u0131za hijyenik ve kaliteli \u00fcr\u00fcnlerin sunulmas\u0131 ve halk\u0131m\u0131z\u0131n hijyenik \u00fcr\u00fcnlere ula\u015fmas\u0131n\u0131 sa\u011flamak. Ben bu konuda kurallara uyarak Mu\u011fla halk\u0131n\u0131n hijyenik ve sa\u011fl\u0131kl\u0131 \u00fcr\u00fcn t\u00fcketmesini sa\u011flayan esnaflar\u0131m\u0131za te\u015fekk\u00fcr ediyorum. Vatanda\u015flar\u0131m\u0131za da herhangi bir aksakl\u0131k g\u00f6rd\u00fc\u011f\u00fcnde bizlere ula\u015fmas\u0131n\u0131 rica ediyorum. Mu\u011fla B\u00fcy\u00fck\u015fehir Belediye Ba\u015fkan\u0131m\u0131z Say\u0131n Ahmet Aras\u2019\u0131n halk sa\u011fl\u0131\u011f\u0131na verdi\u011fi \u00f6nem do\u011frultusunda denetimlerimize devam ediyoruz&#8221; dedi.<br \/>\n<br \/>K\u0131y\u0131 Ege Belediyeler Birli\u011fi ve Mu\u011fla B\u00fcy\u00fck\u015fehir Belediye Ba\u015fkan\u0131 Ahmet Aras halk\u0131n sa\u011fl\u0131\u011f\u0131n\u0131 yak\u0131ndan ilgilendiren g\u0131da \u00fcretimi yapan i\u015fletmelerle ilgili Zab\u0131ta ekiplerinin s\u00fcrekli denetimde oldu\u011funu, bu konuda \u00e7ok titiz ve dikkatli olduklar\u0131n\u0131 belirtti. Ba\u015fkan Aras; Mu\u011fla\u2019n\u0131n 13 il\u00e7esinde B\u00fcy\u00fck\u015fehir Belediyesi ekiplerimiz vatanda\u015flar\u0131n sa\u011fl\u0131\u011f\u0131 i\u00e7in titiz bir \u00e7al\u0131\u015fma y\u00fcr\u00fctt\u00fcklerini belirtirken, sofralar\u0131n ba\u015f tac\u0131 ekme\u011fi \u00fcreten f\u0131r\u0131nlar\u0131n, vatanda\u015fa yemek hizmeti veren lokantalar\u0131n temizlik ve hijyen kurallar\u0131na uymas\u0131, zincir marketlerdeki \u00fcr\u00fcnlerin son kullanma tarihlerine dikkat etmesi gibi bir\u00e7ok \u00f6nemli konuda B\u00fcy\u00fck\u015fehir ekiplerimiz sahada kontrollerini yaparak vatanda\u015flar\u0131n sa\u011fl\u0131\u011f\u0131n\u0131 korumak i\u00e7in \u00e7al\u0131\u015ft\u0131klar\u0131n\u0131 a\u00e7\u0131klad\u0131.<br \/><\/p>\n","protected":false},"excerpt":{"rendered":"<p>Vatanda\u015flar\u0131n sa\u011fl\u0131kl\u0131 g\u0131daya ula\u015fmas\u0131, \u00fcr\u00fcnlerin hijyen kurallar\u0131na uygun haz\u0131rlanmas\u0131 ve sat\u0131\u015fa sunulmas\u0131n\u0131 sa\u011flamak i\u00e7in B\u00fcy\u00fck\u015fehir Belediyesi Zab\u0131ta ekipleri il genelinde denetimlerine devam ediyor. \u0130\u015fletmelerde hijyen, gramaj denetimleri yapan B\u00fcy\u00fck\u015fehir Belediyesi kurallara ve halk sa\u011fl\u0131\u011f\u0131na uymayan baz\u0131 i\u015fletmelere idari i\u015flem uygularken tarihi ge\u00e7mi\u015f \u00fcr\u00fcnleri de sat\u0131\u015ftan men ediyor. Mu\u011fla B\u00fcy\u00fck\u015fehir Belediyesi Zab\u0131ta Daire Ba\u015fkan\u0131 Ahmet \u015ean&#8230;<\/p>\n","protected":false},"author":1,"featured_media":75263,"comment_status":"open","ping_status":"open","sticky":false,"template":"","format":"standard","meta":{"_crdt_document":"","footnotes":""},"categories":[2],"tags":[],"class_list":["post-75262","post","type-post","status-publish","format-standard","has-post-thumbnail","hentry","category-saglik"],"_links":{"self":[{"href":"https:\/\/www.egemtv.com\/index.php?rest_route=\/wp\/v2\/posts\/75262","targetHints":{"allow":["GET"]}}],"collection":[{"href":"https:\/\/www.egemtv.com\/index.php?rest_route=\/wp\/v2\/posts"}],"about":[{"href":"https:\/\/www.egemtv.com\/index.php?rest_route=\/wp\/v2\/types\/post"}],"author":[{"embeddable":true,"href":"https:\/\/www.egemtv.com\/index.php?rest_route=\/wp\/v2\/users\/1"}],"replies":[{"embeddable":true,"href":"https:\/\/www.egemtv.com\/index.php?rest_route=%2Fwp%2Fv2%2Fcomments&post=75262"}],"version-history":[{"count":1,"href":"https:\/\/www.egemtv.com\/index.php?rest_route=\/wp\/v2\/posts\/75262\/revisions"}],"predecessor-version":[{"id":75264,"href":"https:\/\/www.egemtv.com\/index.php?rest_route=\/wp\/v2\/posts\/75262\/revisions\/75264"}],"wp:featuredmedia":[{"embeddable":true,"href":"https:\/\/www.egemtv.com\/index.php?rest_route=\/wp\/v2\/media\/75263"}],"wp:attachment":[{"href":"https:\/\/www.egemtv.com\/index.php?rest_route=%2Fwp%2Fv2%2Fmedia&parent=75262"}],"wp:term":[{"taxonomy":"category","embeddable":true,"href":"https:\/\/www.egemtv.com\/index.php?rest_route=%2Fwp%2Fv2%2Fcategories&post=75262"},{"taxonomy":"post_tag","embeddable":true,"href":"https:\/\/www.egemtv.com\/index.php?rest_route=%2Fwp%2Fv2%2Ftags&post=75262"}],"curies":[{"name":"wp","href":"https:\/\/api.w.org\/{rel}","templated":true}]}}