{"id":75259,"date":"2025-12-19T15:34:51","date_gmt":"2025-12-19T12:34:51","guid":{"rendered":"https:\/\/www.egemtv.com\/?p=75259"},"modified":"2025-12-19T15:34:52","modified_gmt":"2025-12-19T12:34:52","slug":"hayber-camii-ibadete-acildi","status":"publish","type":"post","link":"https:\/\/www.egemtv.com\/?p=75259","title":{"rendered":"Hayber Camii ibadete a\u00e7\u0131ld\u0131"},"content":{"rendered":"<p>Akhisar Hayber Camii, d\u00fczenlenen a\u00e7\u0131l\u0131\u015f t\u00f6reni ve k\u0131l\u0131nan ilk cuma namaz\u0131yla birlikte ibadete a\u00e7\u0131ld\u0131. T\u00f6rene protokol \u00fcyeleri ve vatanda\u015flar yo\u011fun kat\u0131l\u0131m g\u00f6sterdi.<br \/>\n<br \/>Akhisar M\u00fcft\u00fcl\u00fc\u011f\u00fc koordinesinde yap\u0131m\u0131 tamamlanan Hayber Camii, d\u00fczenlenen a\u00e7\u0131l\u0131\u015f t\u00f6reninin ard\u0131ndan k\u0131l\u0131nan ilk cuma namaz\u0131 ile birlikte ibadete a\u00e7\u0131ld\u0131. Efendi Mahallesi 382 Sokak \u00fczerinde bulunan caminin a\u00e7\u0131l\u0131\u015f t\u00f6renine Akhisar Kaymakam\u0131 Mustafa Can, ATSO Ba\u015fkan\u0131 Sami Karao\u011flan, AK Parti Akhisar \u0130l\u00e7e Ba\u015fkan\u0131 \u0130smail Ahmet S\u00f6zc\u00fceri, CHP Akhisar \u0130l\u00e7e Ba\u015fkan\u0131 Hayriye Hacet, MHP Akhisar \u0130l\u00e7e Ba\u015fkan\u0131 Ahmet Namal, Akhisar \u0130l\u00e7e M\u00fcft\u00fcs\u00fc Muhammet Salman, daire m\u00fcd\u00fcrleri ve \u00e7ok say\u0131da vatanda\u015f kat\u0131ld\u0131.<br \/>\n<br \/>A\u00e7\u0131l\u0131\u015f program\u0131nda konu\u015fan Akhisar Hayber Camii Yapt\u0131rma Ya\u015fatma Derne\u011fi Ba\u015fkan\u0131 Abdil Do\u011fru, caminin arsas\u0131n\u0131n hay\u0131rsever bir vatanda\u015f taraf\u0131ndan ba\u011f\u0131\u015fland\u0131\u011f\u0131n\u0131 belirterek, caminin yakla\u015f\u0131k 10 milyon lira maliyetle in\u015fa edildi\u011fini s\u00f6yledi. Do\u011fru, arsay\u0131 ba\u011f\u0131\u015flayan hay\u0131rsevere ve in\u015faata destek olan herkese te\u015fekk\u00fcr etti.<br \/>\n<br \/>Yap\u0131lan dualar\u0131n ard\u0131ndan Hayber Camii\u2019nde ilk cuma namaz\u0131 k\u0131l\u0131nd\u0131.<br \/><\/p>\n","protected":false},"excerpt":{"rendered":"<p>Akhisar Hayber Camii, d\u00fczenlenen a\u00e7\u0131l\u0131\u015f t\u00f6reni ve k\u0131l\u0131nan ilk cuma namaz\u0131yla birlikte ibadete a\u00e7\u0131ld\u0131. T\u00f6rene protokol \u00fcyeleri ve vatanda\u015flar yo\u011fun kat\u0131l\u0131m g\u00f6sterdi. Akhisar M\u00fcft\u00fcl\u00fc\u011f\u00fc koordinesinde yap\u0131m\u0131 tamamlanan Hayber Camii, d\u00fczenlenen a\u00e7\u0131l\u0131\u015f t\u00f6reninin ard\u0131ndan k\u0131l\u0131nan ilk cuma namaz\u0131 ile birlikte ibadete a\u00e7\u0131ld\u0131. Efendi Mahallesi 382 Sokak \u00fczerinde bulunan caminin a\u00e7\u0131l\u0131\u015f t\u00f6renine Akhisar Kaymakam\u0131 Mustafa Can, ATSO&#8230;<\/p>\n","protected":false},"author":1,"featured_media":75260,"comment_status":"open","ping_status":"open","sticky":false,"template":"","format":"standard","meta":{"_crdt_document":"","footnotes":""},"categories":[123],"tags":[],"class_list":["post-75259","post","type-post","status-publish","format-standard","has-post-thumbnail","hentry","category-gundem"],"_links":{"self":[{"href":"https:\/\/www.egemtv.com\/index.php?rest_route=\/wp\/v2\/posts\/75259","targetHints":{"allow":["GET"]}}],"collection":[{"href":"https:\/\/www.egemtv.com\/index.php?rest_route=\/wp\/v2\/posts"}],"about":[{"href":"https:\/\/www.egemtv.com\/index.php?rest_route=\/wp\/v2\/types\/post"}],"author":[{"embeddable":true,"href":"https:\/\/www.egemtv.com\/index.php?rest_route=\/wp\/v2\/users\/1"}],"replies":[{"embeddable":true,"href":"https:\/\/www.egemtv.com\/index.php?rest_route=%2Fwp%2Fv2%2Fcomments&post=75259"}],"version-history":[{"count":1,"href":"https:\/\/www.egemtv.com\/index.php?rest_route=\/wp\/v2\/posts\/75259\/revisions"}],"predecessor-version":[{"id":75261,"href":"https:\/\/www.egemtv.com\/index.php?rest_route=\/wp\/v2\/posts\/75259\/revisions\/75261"}],"wp:featuredmedia":[{"embeddable":true,"href":"https:\/\/www.egemtv.com\/index.php?rest_route=\/wp\/v2\/media\/75260"}],"wp:attachment":[{"href":"https:\/\/www.egemtv.com\/index.php?rest_route=%2Fwp%2Fv2%2Fmedia&parent=75259"}],"wp:term":[{"taxonomy":"category","embeddable":true,"href":"https:\/\/www.egemtv.com\/index.php?rest_route=%2Fwp%2Fv2%2Fcategories&post=75259"},{"taxonomy":"post_tag","embeddable":true,"href":"https:\/\/www.egemtv.com\/index.php?rest_route=%2Fwp%2Fv2%2Ftags&post=75259"}],"curies":[{"name":"wp","href":"https:\/\/api.w.org\/{rel}","templated":true}]}}