{"id":75256,"date":"2025-12-19T15:34:50","date_gmt":"2025-12-19T12:34:50","guid":{"rendered":"https:\/\/www.egemtv.com\/?p=75256"},"modified":"2025-12-19T15:34:51","modified_gmt":"2025-12-19T12:34:51","slug":"guney-ege-kooperatifcilik-zirvesi-gekanin-ev-sahipliginde-toplandi","status":"publish","type":"post","link":"https:\/\/www.egemtv.com\/?p=75256","title":{"rendered":"G\u00fcney Ege Kooperatif\u00e7ilik Zirvesi GEKA\u2019n\u0131n ev sahipli\u011finde topland\u0131"},"content":{"rendered":"<p>G\u00fcney Ege\u2019deki kooperatifleri gelece\u011fe ta\u015f\u0131yacak vizyonu \u015fekillendirmek amac\u0131yla d\u00fczenlenen G\u00fcney Ege Kooperatif\u00e7ilik Zirvesinde konu\u015fan G\u00fcney Ege Kalk\u0131nma Ajans\u0131 (GEKA) Genel Sekreteri \u00dcmit G\u00fclya\u011f\u0131, &#8220;Ben de\u011fil de biz olman\u0131n ruhu olan kooperatif\u00e7ili\u011fi anlatmak i\u00e7in kooperatiflerimizi tek tek inceledik&#8221; dedi.<\/p>\n<p>Sanayi ve Teknoloji Bakanl\u0131\u011f\u0131 Kalk\u0131nma Ajanlar\u0131 Genel M\u00fcd\u00fcrl\u00fc\u011f\u00fc koordinasyonunda faaliyetlerini y\u00fcr\u00fcten G\u00fcney Ege Kalk\u0131nma Ajans\u0131, G\u00fcney Ege\u2019nin dayan\u0131\u015fma ve \u00fcretim k\u00fclt\u00fcr\u00fcn\u00fc yeniden canland\u0131rmak, kooperatifleri gelece\u011fe ta\u015f\u0131yacak bir vizyonu birlikte \u015fekillendirmek amac\u0131yla G\u00fcney Ege Kooperatif\u00e7ilik Zirvesine ev sahipli\u011fi yapt\u0131.<\/p>\n<p>Denizli Valisi \u00d6mer Faruk Co\u015fkun, Denizli B\u00fcy\u00fck\u015fehir Belediye Ba\u015fkan\u0131 B\u00fclent Nuri \u00c7avu\u015fo\u011flu, Merkezefendi Belediye Ba\u015fkan\u0131 \u015eeniz Do\u011fan, \u00c7ameli Belediye Ba\u015fkan\u0131 Cengiz Arslan, GEKA Genel Sekreteri \u00dcmit G\u00fclya\u011f\u0131, Tar\u0131m ve Orman \u0130l M\u00fcd\u00fcr\u00fc Mustafa Nevzat Zayim, kamu kurum ve kurulu\u015flar\u0131yla kooperatif temsilcilerinin kat\u0131ld\u0131\u011f\u0131 zirvede; GEKA taraf\u0131ndan haz\u0131rlanan &#8220;G\u00fcney Ege B\u00f6lgesinde \u00dcreten Kooperatiflerin Mevcut Durum Analizi ve Geli\u015fim Stratejileri Raporu&#8221; sunumu ve ajans\u0131n b\u00f6lgede kooperatifler ile ger\u00e7ekle\u015ftirdi\u011fi faaliyetler hakk\u0131nda bilgilendirme yap\u0131ld\u0131. Ba\u015far\u0131l\u0131 kooperatif uygulamalar\u0131n\u0131n payla\u015f\u0131ld\u0131\u011f\u0131 zirvede e-ticaret, markala\u015fma ve fon kaynaklar\u0131na eri\u015fim konular\u0131nda yol haritalar\u0131 sunuldu.<\/p>\n<p>G\u00fcney Ege Kooperatif\u00e7ilik Zirvesini eme\u011fin de\u011ferini b\u00fcy\u00fctmek, yerelden evrensele uzanan g\u00fc\u00e7l\u00fc bir \u00fcretim hik\u00e2yesi yazmak i\u00e7in at\u0131lm\u0131\u015f \u00f6nemli bir ad\u0131m olarak nitelendiren GEKA Genel Sekreteri \u00dcmit G\u00fclya\u011f\u0131, &#8220;GEKA olarak kooperatiflere y\u00f6nelik yapt\u0131\u011f\u0131m\u0131z analiz \u00e7al\u0131\u015fmas\u0131n\u0131n sonucunu payla\u015fmak \u00fczere burada birlikteyiz. Geni\u015f kapsaml\u0131 bir anket \u00e7al\u0131\u015fmas\u0131 ger\u00e7ekle\u015ftirildi. 94 kooperatif ile birebir g\u00f6r\u00fc\u015f\u00fcld\u00fc. Kooperatiflerin \u00fcretimleri, performanslar\u0131, sat\u0131\u015f kapasiteleri, yat\u0131r\u0131m planlar\u0131, ihtiya\u00e7lar\u0131 do\u011frultusunda bir\u00e7ok soru soruldu. Hepsinin cevaplar\u0131 analiz edildi. Kooperatiflerimiz neler \u00fcretiyor, hangi gramajlarda hangi ambalajlarda \u00fcr\u00fcnleri var bunlar\u0131 tek tek ara\u015ft\u0131r\u0131p foto\u011fraflad\u0131k. Kooperatiflerimize dair \u00f6zetle b\u00fct\u00fcn bilgileri toparlad\u0131k. Bug\u00fcn de ben de\u011fil biz olman\u0131n ruhu olan kooperatif\u00e7ili\u011fi anlatmak \u00fczere bu \u00e7al\u0131\u015fmay\u0131 deklare etmek \u00fczere bir araya geldik. \u00c7ok g\u00fczel bir kat\u0131l\u0131m var.  Aram\u0131zda Ankara\u2019dan Bakanl\u0131ktan da kat\u0131l\u0131mc\u0131lar\u0131m\u0131z var. \u00d6\u011fleden sonra markala\u015fma, e-ticaret ve fonlar \u00fczerine kooperatiflerimize y\u00f6nelik oturumlar\u0131m\u0131z olacak. Sonu\u00e7lar\u0131 payda\u015flar\u0131m\u0131za duyurmay\u0131 ve birlikte hareket edecek \u015fekilde bir yol haritas\u0131 \u00e7izmeyi umut ediyoruz.&#8221; dedi.<\/p>\n<p>Kooperatifle\u015fmenin \u00f6nemine dikkat \u00e7eken Merkezefendi Belediye Ba\u015fkan\u0131 \u015eeniz Do\u011fan da, &#8220;Merkezefendi Belediyesi olarak aile b\u00fct\u00e7esine katk\u0131 ve kad\u0131nlar\u0131n i\u015f g\u00fcc\u00fcne kat\u0131lmalar\u0131n\u0131 sa\u011flamak i\u00e7in bir\u00e7ok projeyi hayata ge\u00e7irdik. Ayn\u0131 zamanda biz Halk S\u00fct yap\u0131yoruz. Orada da Tar\u0131m Kredi Kooperatifi ile yap\u0131yoruz. Hem yerel \u00fcreticiyi destekliyoruz hem de kooperatif\u00e7ili\u011fi de destekliyoruz. Yine Halk Et\u2019de de ayn\u0131 \u015fekilde ilerliyoruz. Merkezefendi Belediyesi olarak 6.5 y\u0131ld\u0131r Kooperatiflerle g\u00fczel bir i\u015f birli\u011fi ile devam ediyoruz&#8221; ifadelerini kulland\u0131.<\/p>\n<p>G\u00fcney Ege Kooperatif\u00e7ilik Zirvesinin d\u00fczenlenmesinde \u00f6nc\u00fcl\u00fck eden GEKA yetkililerine te\u015fekk\u00fcr eden Vali \u00d6mer Faruk Co\u015fkun ise &#8220;Devletimizin kapsay\u0131c\u0131 bir kalk\u0131nma yakla\u015f\u0131m\u0131 ile nitelikli insan, g\u00fc\u00e7l\u00fc aile ve sa\u011fl\u0131kl\u0131 toplum hedefi do\u011frultusunda refah\u0131n t\u00fcm kesimlerine yayg\u0131nla\u015ft\u0131r\u0131lmas\u0131 amac\u0131yla kooperatif\u00e7ilik alan\u0131nda da \u00f6nemli \u00e7al\u0131\u015fmalar y\u00fcr\u00fct\u00fclmektedir. Bu kapsamda 12. Kalk\u0131nma Plan\u0131nda kooperatiflerin altyap\u0131lar\u0131n\u0131n g\u00fc\u00e7lendirilmesi kurumsal kapasitelerinin ve rekabet g\u00fc\u00e7lerinin artt\u0131r\u0131lmas\u0131 finansmana eri\u015fimlerinin kolayla\u015ft\u0131r\u0131lmas\u0131 i\u00e7in sa\u011flanan konular ve destek programlar\u0131 temel hedefler aras\u0131nda yer almaktad\u0131r&#8221; \u015feklinde konu\u015ftu.<\/p>\n<p>G\u00fcn boyu 4 oturum halinde ger\u00e7ekle\u015ftirilen G\u00fcney Ege Kooperatif\u00e7ilik Zirvesinin birinci oturumunda GEKA K\u0131rsal Kalk\u0131nma Birim Ba\u015fkan\u0131 Dil\u015fad Akar taraf\u0131ndan &#8220;G\u00fcney Ege B\u00f6lgesi\u2019nde \u00dcretici \u00d6rg\u00fctlerinin Mevcut Durumu ve Geli\u015fim Stratejileri&#8221; sunumu yap\u0131ld\u0131. Ba\u015far\u0131 hikayelerinin payla\u015f\u0131laca\u011f\u0131 ikinci oturumun ard\u0131ndan \u00fc\u00e7\u00fcnc\u00fc oturumda &#8220;E-Ticaret ve Markala\u015fma&#8221; konusunda kooperatif temsilcilerine bilgi verildi. Zirve &#8220;Fonlar ve Destek Programlar\u0131&#8221; konulu sonumun ger\u00e7ekle\u015ftirildi\u011fi d\u00f6rd\u00fcnc\u00fc oturumun sonunda kat\u0131l\u0131mc\u0131lardan gelen sorular\u0131n cevaplanmas\u0131yla sona erdi.<br \/><\/p>\n","protected":false},"excerpt":{"rendered":"<p>G\u00fcney Ege\u2019deki kooperatifleri gelece\u011fe ta\u015f\u0131yacak vizyonu \u015fekillendirmek amac\u0131yla d\u00fczenlenen G\u00fcney Ege Kooperatif\u00e7ilik Zirvesinde konu\u015fan G\u00fcney Ege Kalk\u0131nma Ajans\u0131 (GEKA) Genel Sekreteri \u00dcmit G\u00fclya\u011f\u0131, &#8220;Ben de\u011fil de biz olman\u0131n ruhu olan kooperatif\u00e7ili\u011fi anlatmak i\u00e7in kooperatiflerimizi tek tek inceledik&#8221; dedi. Sanayi ve Teknoloji Bakanl\u0131\u011f\u0131 Kalk\u0131nma Ajanlar\u0131 Genel M\u00fcd\u00fcrl\u00fc\u011f\u00fc koordinasyonunda faaliyetlerini y\u00fcr\u00fcten G\u00fcney Ege Kalk\u0131nma Ajans\u0131, G\u00fcney Ege\u2019nin&#8230;<\/p>\n","protected":false},"author":1,"featured_media":75257,"comment_status":"open","ping_status":"open","sticky":false,"template":"","format":"standard","meta":{"_crdt_document":"","footnotes":""},"categories":[125],"tags":[],"class_list":["post-75256","post","type-post","status-publish","format-standard","has-post-thumbnail","hentry","category-ekonomi"],"_links":{"self":[{"href":"https:\/\/www.egemtv.com\/index.php?rest_route=\/wp\/v2\/posts\/75256","targetHints":{"allow":["GET"]}}],"collection":[{"href":"https:\/\/www.egemtv.com\/index.php?rest_route=\/wp\/v2\/posts"}],"about":[{"href":"https:\/\/www.egemtv.com\/index.php?rest_route=\/wp\/v2\/types\/post"}],"author":[{"embeddable":true,"href":"https:\/\/www.egemtv.com\/index.php?rest_route=\/wp\/v2\/users\/1"}],"replies":[{"embeddable":true,"href":"https:\/\/www.egemtv.com\/index.php?rest_route=%2Fwp%2Fv2%2Fcomments&post=75256"}],"version-history":[{"count":1,"href":"https:\/\/www.egemtv.com\/index.php?rest_route=\/wp\/v2\/posts\/75256\/revisions"}],"predecessor-version":[{"id":75258,"href":"https:\/\/www.egemtv.com\/index.php?rest_route=\/wp\/v2\/posts\/75256\/revisions\/75258"}],"wp:featuredmedia":[{"embeddable":true,"href":"https:\/\/www.egemtv.com\/index.php?rest_route=\/wp\/v2\/media\/75257"}],"wp:attachment":[{"href":"https:\/\/www.egemtv.com\/index.php?rest_route=%2Fwp%2Fv2%2Fmedia&parent=75256"}],"wp:term":[{"taxonomy":"category","embeddable":true,"href":"https:\/\/www.egemtv.com\/index.php?rest_route=%2Fwp%2Fv2%2Fcategories&post=75256"},{"taxonomy":"post_tag","embeddable":true,"href":"https:\/\/www.egemtv.com\/index.php?rest_route=%2Fwp%2Fv2%2Ftags&post=75256"}],"curies":[{"name":"wp","href":"https:\/\/api.w.org\/{rel}","templated":true}]}}